{"id":218204,"date":"2020-07-10T12:03:53","date_gmt":"2020-07-10T12:03:53","guid":{"rendered":"https:\/\/visitvatnajokull.is\/?p=218204"},"modified":"2020-07-20T11:55:41","modified_gmt":"2020-07-20T11:55:41","slug":"gonguleidir-i-riki-vatnajokuls","status":"publish","type":"post","link":"https:\/\/visitvatnajokull.is\/is\/gonguleidir-i-riki-vatnajokuls\/","title":{"rendered":"G\u00f6ngulei\u00f0ir \u00ed r\u00edki Vatnaj\u00f6kuls"},"content":{"rendered":"<p>\u00dea\u00f0 eru margv\u00edslegar og fj\u00f6lbreyttar g\u00f6ngulei\u00f0ar v\u00ed\u00f0svegar um r\u00edki Vatnaj\u00f6kuls, og eru margar \u00feeirra a\u00f0 finna innan Vatnaj\u00f6kul\u00fej\u00f3\u00f0gar\u00f0s. \u00deessar g\u00f6ngulei\u00f0ir eru merktar samkv\u00e6mt <a href=\"https:\/\/www.vatnajokulsthjodgardur.is\/is\/thjonusta\/almennar-upplysingar\/gonguleidir\/erfidleikastudull-gonguleida\"><b>erfi\u00f0leikastu\u00f0li<\/b><\/a> og \u00e6ttu \u00fev\u00ed allir a\u00f0 geta fundi\u00f0 g\u00f6ngulei\u00f0 vi\u00f0 sitt h\u00e6fi. A\u00f0 ganga \u00ed einstakri n\u00e1tt\u00farufegur\u00f0 r\u00edki Vatnaj\u00f6kuls er af\u00fereying sem a\u00f0 enginn \u00e6tti a\u00f0 l\u00e1ta framhj\u00e1 s\u00e9r fara.<\/p>\n<h4><b>Brei\u00f0\u00e1rm\u00f6rk<\/b><\/h4>\n<p><a href=\"https:\/\/www.south.is\/static\/files\/brochures\/breidarmork-gongubaeklingur-islenska.pdf\"><strong>\u00deetta g\u00f6ngukort<\/strong><\/a> s\u00fdnir g\u00f6ngulei\u00f0ina milli J\u00f6kuls\u00e1rl\u00f3ns og Fjalls\u00e1rl\u00f3ns \u00e1 Brei\u00f0amerkursandi. G\u00f6ngulei\u00f0in Brei\u00f0\u00e1rm\u00f6rk er hluti af st\u00e6rra g\u00f6ngulei\u00f0akerfi sem veri\u00f0 er a\u00f0 byggja upp \u00ed Austur-Skaftafellss\u00fdslu og mun \u00ed framt\u00ed\u00f0inni tengja lei\u00f0ina allt fr\u00e1 Skaftafelli \u00ed vestri yfir a\u00f0 L\u00f3ns\u00f6r\u00e6fum \u00ed austri. G\u00f6ngulei\u00f0in er t\u00e6plega 15 km l\u00f6ng og liggur me\u00f0fram \u00ferem j\u00f6kull\u00f3num. \u00c1 lei\u00f0inni f\u00e6st inns\u00fdn \u00ed gr\u00f3\u00f0urfar, fuglal\u00edf og jar\u00f0fr\u00e6\u00f0i sv\u00e6\u00f0isins sem og hvernig l\u00edfi\u00f0 var \u00e1\u00f0ur fyrr \u00e1 \u00feessu einangra\u00f0a landsv\u00e6\u00f0i sem hefur \u00ed aldanna r\u00e1s veri\u00f0 undirorpi\u00f0 kr\u00f6ftum skri\u00f0j\u00f6kla og straum\u00feungra j\u00f6kul\u00e1a.<\/p>\n<div id=\"attachment_218001\" style=\"width: 690px\" class=\"wp-caption alignnone\"><img loading=\"lazy\" decoding=\"async\" aria-describedby=\"caption-attachment-218001\" class=\"wp-image-218001 size-large\" src=\"https:\/\/visitvatnajokull.is\/wp-content\/uploads\/2018\/06\/large-Fjalls\u00e1rl\u00f3n-\u00deorvar\u00f0ur-\u00c1rnason-63-1024x384.jpg\" alt=\"\" width=\"680\" height=\"255\" srcset=\"https:\/\/visitvatnajokull.is\/wp-content\/uploads\/2018\/06\/large-Fjalls\u00e1rl\u00f3n-\u00deorvar\u00f0ur-\u00c1rnason-63-1024x384.jpg 1024w, https:\/\/visitvatnajokull.is\/wp-content\/uploads\/2018\/06\/large-Fjalls\u00e1rl\u00f3n-\u00deorvar\u00f0ur-\u00c1rnason-63-300x113.jpg 300w, https:\/\/visitvatnajokull.is\/wp-content\/uploads\/2018\/06\/large-Fjalls\u00e1rl\u00f3n-\u00deorvar\u00f0ur-\u00c1rnason-63-768x288.jpg 768w, https:\/\/visitvatnajokull.is\/wp-content\/uploads\/2018\/06\/large-Fjalls\u00e1rl\u00f3n-\u00deorvar\u00f0ur-\u00c1rnason-63-1536x576.jpg 1536w, https:\/\/visitvatnajokull.is\/wp-content\/uploads\/2018\/06\/large-Fjalls\u00e1rl\u00f3n-\u00deorvar\u00f0ur-\u00c1rnason-63-737x276.jpg 737w, https:\/\/visitvatnajokull.is\/wp-content\/uploads\/2018\/06\/large-Fjalls\u00e1rl\u00f3n-\u00deorvar\u00f0ur-\u00c1rnason-63-645x242.jpg 645w, https:\/\/visitvatnajokull.is\/wp-content\/uploads\/2018\/06\/large-Fjalls\u00e1rl\u00f3n-\u00deorvar\u00f0ur-\u00c1rnason-63-1433x537.jpg 1433w, https:\/\/visitvatnajokull.is\/wp-content\/uploads\/2018\/06\/large-Fjalls\u00e1rl\u00f3n-\u00deorvar\u00f0ur-\u00c1rnason-63.jpg 1600w\" sizes=\"auto, (max-width: 680px) 100vw, 680px\" \/><p id=\"caption-attachment-218001\" class=\"wp-caption-text\">Fjalls\u00e1rl\u00f3n &#8211; \u00deorvar\u00f0ur \u00c1rnason<\/p><\/div>\n<p>\u00de\u00f3 a\u00f0 Brei\u00f0\u00e1rm\u00f6rk s\u00e9 metin sem rau\u00f0 g\u00f6ngulei\u00f0 \u00fe\u00e1 telst meirihluti hennar bl\u00e1r. Lei\u00f0in er stiku\u00f0 yfir sanda, ur\u00f0ir og j\u00f6kulgar\u00f0a. Landi\u00f0 er ekki allt sl\u00e9tt og nokku\u00f0 gr\u00fdtt \u00e1 k\u00f6flum. \u00de\u00f3 eru engar teljandi h\u00e6\u00f0arbreytingar, n\u00e9 yfir \u00f3br\u00faa\u00f0ar \u00e1r og l\u00e6ki a\u00f0 fara \u00feannig a\u00f0 h\u00fan ber ekki me\u00f0 s\u00e9r neina s\u00e9rstaka erfi\u00f0leika fyrir g\u00f6nguf\u00f3lk. Lei\u00f0in er t\u00e6plega 15 km l\u00f6ng og gera m\u00e1 r\u00e1\u00f0 fyrir um 5 t\u00edmum til a\u00f0 ganga hana. Drykkjarvatn finnst ekki \u00e1 lei\u00f0inni \u00feannig a\u00f0 nau\u00f0synlegt er a\u00f0 taka \u00fea\u00f0 me\u00f0 s\u00e9r.<\/p>\n<div id=\"attachment_218017\" style=\"width: 690px\" class=\"wp-caption aligncenter\"><img loading=\"lazy\" decoding=\"async\" aria-describedby=\"caption-attachment-218017\" class=\"wp-image-218017 size-large\" src=\"https:\/\/visitvatnajokull.is\/wp-content\/uploads\/2018\/03\/large-Brei\u00f0amerkurj\u00f6kull-P\u00e1ll-J\u00f6kull-P\u00e9tursson-100-1024x358.jpg\" alt=\"\" width=\"680\" height=\"238\" srcset=\"https:\/\/visitvatnajokull.is\/wp-content\/uploads\/2018\/03\/large-Brei\u00f0amerkurj\u00f6kull-P\u00e1ll-J\u00f6kull-P\u00e9tursson-100-1024x358.jpg 1024w, https:\/\/visitvatnajokull.is\/wp-content\/uploads\/2018\/03\/large-Brei\u00f0amerkurj\u00f6kull-P\u00e1ll-J\u00f6kull-P\u00e9tursson-100-300x105.jpg 300w, https:\/\/visitvatnajokull.is\/wp-content\/uploads\/2018\/03\/large-Brei\u00f0amerkurj\u00f6kull-P\u00e1ll-J\u00f6kull-P\u00e9tursson-100-768x269.jpg 768w, https:\/\/visitvatnajokull.is\/wp-content\/uploads\/2018\/03\/large-Brei\u00f0amerkurj\u00f6kull-P\u00e1ll-J\u00f6kull-P\u00e9tursson-100-1536x538.jpg 1536w, https:\/\/visitvatnajokull.is\/wp-content\/uploads\/2018\/03\/large-Brei\u00f0amerkurj\u00f6kull-P\u00e1ll-J\u00f6kull-P\u00e9tursson-100-737x258.jpg 737w, https:\/\/visitvatnajokull.is\/wp-content\/uploads\/2018\/03\/large-Brei\u00f0amerkurj\u00f6kull-P\u00e1ll-J\u00f6kull-P\u00e9tursson-100-645x226.jpg 645w, https:\/\/visitvatnajokull.is\/wp-content\/uploads\/2018\/03\/large-Brei\u00f0amerkurj\u00f6kull-P\u00e1ll-J\u00f6kull-P\u00e9tursson-100-1433x502.jpg 1433w, https:\/\/visitvatnajokull.is\/wp-content\/uploads\/2018\/03\/large-Brei\u00f0amerkurj\u00f6kull-P\u00e1ll-J\u00f6kull-P\u00e9tursson-100.jpg 1600w\" sizes=\"auto, (max-width: 680px) 100vw, 680px\" \/><p id=\"caption-attachment-218017\" class=\"wp-caption-text\">Brei\u00f0amerkurj\u00f6kull &#8211; P\u00e1ll J\u00f6kull P\u00e9tursson<\/p><\/div>\n<h4><b>Heinaberg, Hjallanes, Hoffell<\/b><\/h4>\n<p>\u00derj\u00e1r miklar j\u00f6kultungur setja svip sinn \u00e1 sv\u00e6\u00f0i Heinabergs og Hjallaness sem samanstendur af Hjallanesi vestan Kolgr\u00edmu og Heinabergi austan hennar. Er f\u00e1g\u00e6tt a\u00f0 finna j\u00f6kla \u00ed jafnmiklu n\u00e1v\u00edgi vi\u00f0 heilt bygg\u00f0arlag. Oft m\u00e1 sj\u00e1 st\u00f3rar hjar\u00f0ir hreind\u00fdra \u00e1 sv\u00e6\u00f0inu fr\u00e1 hausti og fram \u00e1 vor. \u00c1 litlu \u00eds\u00f6ld og fram yfir aldam\u00f3tin 1900 n\u00e1\u00f0u j\u00f6kultungur Sk\u00e1lafellsj\u00f6kuls og Heinabergsj\u00f6kuls saman fyrir framan Hafrafell. \u00de\u00e1 l\u00e1 skri\u00f0j\u00f6kull yfir Hjallanesi og m\u00e1 sj\u00e1 \u00feess \u00fdmis merki \u00feegar \u00fear er gengi\u00f0 um, s.s. hvalb\u00f6k, grettist\u00f6k og j\u00f6kulr\u00e1kir.<\/p>\n<div id=\"attachment_218304\" style=\"width: 690px\" class=\"wp-caption aligncenter\"><img loading=\"lazy\" decoding=\"async\" aria-describedby=\"caption-attachment-218304\" class=\"wp-image-218304 size-large\" src=\"https:\/\/visitvatnajokull.is\/wp-content\/uploads\/2020\/07\/large-Fl\u00e1aj\u00f6kull-fjallganga-\u00deorvar\u00f0ur-\u00c1rnason-55-1024x673.jpg\" alt=\"\" width=\"680\" height=\"447\" srcset=\"https:\/\/visitvatnajokull.is\/wp-content\/uploads\/2020\/07\/large-Fl\u00e1aj\u00f6kull-fjallganga-\u00deorvar\u00f0ur-\u00c1rnason-55-1024x673.jpg 1024w, https:\/\/visitvatnajokull.is\/wp-content\/uploads\/2020\/07\/large-Fl\u00e1aj\u00f6kull-fjallganga-\u00deorvar\u00f0ur-\u00c1rnason-55-300x197.jpg 300w, https:\/\/visitvatnajokull.is\/wp-content\/uploads\/2020\/07\/large-Fl\u00e1aj\u00f6kull-fjallganga-\u00deorvar\u00f0ur-\u00c1rnason-55-768x505.jpg 768w, https:\/\/visitvatnajokull.is\/wp-content\/uploads\/2020\/07\/large-Fl\u00e1aj\u00f6kull-fjallganga-\u00deorvar\u00f0ur-\u00c1rnason-55-1536x1010.jpg 1536w, https:\/\/visitvatnajokull.is\/wp-content\/uploads\/2020\/07\/large-Fl\u00e1aj\u00f6kull-fjallganga-\u00deorvar\u00f0ur-\u00c1rnason-55-1065x700.jpg 1065w, https:\/\/visitvatnajokull.is\/wp-content\/uploads\/2020\/07\/large-Fl\u00e1aj\u00f6kull-fjallganga-\u00deorvar\u00f0ur-\u00c1rnason-55-733x482.jpg 733w, https:\/\/visitvatnajokull.is\/wp-content\/uploads\/2020\/07\/large-Fl\u00e1aj\u00f6kull-fjallganga-\u00deorvar\u00f0ur-\u00c1rnason-55-645x424.jpg 645w, https:\/\/visitvatnajokull.is\/wp-content\/uploads\/2020\/07\/large-Fl\u00e1aj\u00f6kull-fjallganga-\u00deorvar\u00f0ur-\u00c1rnason-55-1433x942.jpg 1433w, https:\/\/visitvatnajokull.is\/wp-content\/uploads\/2020\/07\/large-Fl\u00e1aj\u00f6kull-fjallganga-\u00deorvar\u00f0ur-\u00c1rnason-55.jpg 1600w\" sizes=\"auto, (max-width: 680px) 100vw, 680px\" \/><p id=\"caption-attachment-218304\" class=\"wp-caption-text\">Fl\u00e1aj\u00f6kull &#8211; \u00deorvar\u00f0ur \u00c1rnason<\/p><\/div>\n<p>Hoffellsj\u00f6kull er me\u00f0al st\u00e6rri skri\u00f0j\u00f6kla sem falla su\u00f0ur \u00far Vatnaj\u00f6kli. Hann hefur grafi\u00f0 sig dj\u00fapt \u00ed j\u00f6kulsand, allt a\u00f0 300 metra ni\u00f0ur fyrir sj\u00e1varm\u00e1l, en vegna hra\u00f0rar hopunar j\u00f6kulsins er \u00fear n\u00fa a\u00f0 myndast dj\u00fapt j\u00f6kull\u00f3n.<br \/>\nHoffellsj\u00f6kull skr\u00ed\u00f0ur \u00ed gegnum forna megineldst\u00f6\u00f0\u00a0 sem kennd er vi\u00f0 Geitafell og var virk fyrir\u00a0 5 &#8211; 6 millj\u00f3num \u00e1ra. Vegna landriss og landrofs\u00a0 m\u00e1 \u00fear sj\u00e1 berg sem myndast dj\u00fapt \u00ed skorpu\u00a0 jar\u00f0ar, t.d. \u00ed Geitafellsbj\u00f6rgum austan\u00a0 j\u00f6kuls sem er kvikuinnskot og a\u00f0\u00a0 mestu \u00far gabbr\u00f3i.<\/p>\n<p><a href=\"https:\/\/www.vatnajokulsthjodgardur.is\/static\/files\/svaedin\/Hornafjordur\/PDF-skjol-kort\/isl_60x32cm_heinaberg_hjallan_hoff_juni2015-leidr.pdf\"><b>H\u00e9r <\/b><\/a>getur \u00fe\u00fa sko\u00f0a\u00f0 fj\u00f6lbreyttar g\u00f6ngulei\u00f0ir um \u00feetta st\u00f3rbrotna sv\u00e6\u00f0i m\u00f3ta\u00f0 skri\u00f0j\u00f6klum og fornum eldst\u00f6\u00f0vum.<\/p>\n<div id=\"attachment_217606\" style=\"width: 690px\" class=\"wp-caption aligncenter\"><img loading=\"lazy\" decoding=\"async\" aria-describedby=\"caption-attachment-217606\" class=\"wp-image-217606 size-large\" src=\"https:\/\/visitvatnajokull.is\/wp-content\/uploads\/2020\/06\/large-Hoffellsj\u00f6kull-Geitafell-loftmynd-\u00deorvar\u00f0ur-\u00c1rnason-43-1024x682.jpg\" alt=\"\" width=\"680\" height=\"453\" srcset=\"https:\/\/visitvatnajokull.is\/wp-content\/uploads\/2020\/06\/large-Hoffellsj\u00f6kull-Geitafell-loftmynd-\u00deorvar\u00f0ur-\u00c1rnason-43-1024x682.jpg 1024w, https:\/\/visitvatnajokull.is\/wp-content\/uploads\/2020\/06\/large-Hoffellsj\u00f6kull-Geitafell-loftmynd-\u00deorvar\u00f0ur-\u00c1rnason-43-300x200.jpg 300w, https:\/\/visitvatnajokull.is\/wp-content\/uploads\/2020\/06\/large-Hoffellsj\u00f6kull-Geitafell-loftmynd-\u00deorvar\u00f0ur-\u00c1rnason-43-768x512.jpg 768w, https:\/\/visitvatnajokull.is\/wp-content\/uploads\/2020\/06\/large-Hoffellsj\u00f6kull-Geitafell-loftmynd-\u00deorvar\u00f0ur-\u00c1rnason-43-1536x1023.jpg 1536w, https:\/\/visitvatnajokull.is\/wp-content\/uploads\/2020\/06\/large-Hoffellsj\u00f6kull-Geitafell-loftmynd-\u00deorvar\u00f0ur-\u00c1rnason-43-1051x700.jpg 1051w, https:\/\/visitvatnajokull.is\/wp-content\/uploads\/2020\/06\/large-Hoffellsj\u00f6kull-Geitafell-loftmynd-\u00deorvar\u00f0ur-\u00c1rnason-43-723x482.jpg 723w, https:\/\/visitvatnajokull.is\/wp-content\/uploads\/2020\/06\/large-Hoffellsj\u00f6kull-Geitafell-loftmynd-\u00deorvar\u00f0ur-\u00c1rnason-43-645x430.jpg 645w, https:\/\/visitvatnajokull.is\/wp-content\/uploads\/2020\/06\/large-Hoffellsj\u00f6kull-Geitafell-loftmynd-\u00deorvar\u00f0ur-\u00c1rnason-43-1433x955.jpg 1433w, https:\/\/visitvatnajokull.is\/wp-content\/uploads\/2020\/06\/large-Hoffellsj\u00f6kull-Geitafell-loftmynd-\u00deorvar\u00f0ur-\u00c1rnason-43.jpg 1600w\" sizes=\"auto, (max-width: 680px) 100vw, 680px\" \/><p id=\"caption-attachment-217606\" class=\"wp-caption-text\">Hoffellsj\u00f6kull\/Geitafell &#8211; \u00deorvar\u00f0ur \u00c1rnason<\/p><\/div>\n<h4><b>Skaftafell og n\u00e1grenni<\/b><\/h4>\n<p>Umhverfi Skaftafells einkennist af miklum andst\u00e6\u00f0um. Skri\u00f0j\u00f6klar setja svip sinn \u00e1 landi\u00f0 og yfir \u00feeim gn\u00e6fa h\u00e1 og br\u00f6tt fj\u00f6ll \u00fear sem a\u00f0 Hvannadalshnj\u00fakur \u00ed \u00d6r\u00e6faj\u00f6kli r\u00eds h\u00e6st. Landi\u00f0 ber mikil merki rofs af v\u00f6ldum j\u00f6kla og j\u00f6kulvatna. J\u00f6klar hafa gengi\u00f0 fram og hopa\u00f0 \u00e1 v\u00edxl of n\u00e1\u00f0u \u00feeir mestir \u00fatbrei\u00f0slu um 1890, en hafa s\u00ed\u00f0an fari\u00f0 minnkandi.<\/p>\n<div id=\"attachment_218211\" style=\"width: 690px\" class=\"wp-caption aligncenter\"><img loading=\"lazy\" decoding=\"async\" aria-describedby=\"caption-attachment-218211\" class=\"wp-image-218211 size-large\" src=\"https:\/\/visitvatnajokull.is\/wp-content\/uploads\/2020\/07\/large-\u00d6r\u00e6faj\u00f6kull-Skaftafell-\u00deorvar\u00f0ur-\u00c1rnason-14-1024x678.jpg\" alt=\"\" width=\"680\" height=\"450\" srcset=\"https:\/\/visitvatnajokull.is\/wp-content\/uploads\/2020\/07\/large-\u00d6r\u00e6faj\u00f6kull-Skaftafell-\u00deorvar\u00f0ur-\u00c1rnason-14-1024x678.jpg 1024w, https:\/\/visitvatnajokull.is\/wp-content\/uploads\/2020\/07\/large-\u00d6r\u00e6faj\u00f6kull-Skaftafell-\u00deorvar\u00f0ur-\u00c1rnason-14-300x199.jpg 300w, https:\/\/visitvatnajokull.is\/wp-content\/uploads\/2020\/07\/large-\u00d6r\u00e6faj\u00f6kull-Skaftafell-\u00deorvar\u00f0ur-\u00c1rnason-14-768x508.jpg 768w, https:\/\/visitvatnajokull.is\/wp-content\/uploads\/2020\/07\/large-\u00d6r\u00e6faj\u00f6kull-Skaftafell-\u00deorvar\u00f0ur-\u00c1rnason-14-1536x1017.jpg 1536w, https:\/\/visitvatnajokull.is\/wp-content\/uploads\/2020\/07\/large-\u00d6r\u00e6faj\u00f6kull-Skaftafell-\u00deorvar\u00f0ur-\u00c1rnason-14-1058x700.jpg 1058w, https:\/\/visitvatnajokull.is\/wp-content\/uploads\/2020\/07\/large-\u00d6r\u00e6faj\u00f6kull-Skaftafell-\u00deorvar\u00f0ur-\u00c1rnason-14-728x482.jpg 728w, https:\/\/visitvatnajokull.is\/wp-content\/uploads\/2020\/07\/large-\u00d6r\u00e6faj\u00f6kull-Skaftafell-\u00deorvar\u00f0ur-\u00c1rnason-14-645x427.jpg 645w, https:\/\/visitvatnajokull.is\/wp-content\/uploads\/2020\/07\/large-\u00d6r\u00e6faj\u00f6kull-Skaftafell-\u00deorvar\u00f0ur-\u00c1rnason-14-1433x948.jpg 1433w, https:\/\/visitvatnajokull.is\/wp-content\/uploads\/2020\/07\/large-\u00d6r\u00e6faj\u00f6kull-Skaftafell-\u00deorvar\u00f0ur-\u00c1rnason-14.jpg 1600w\" sizes=\"auto, (max-width: 680px) 100vw, 680px\" \/><p id=\"caption-attachment-218211\" class=\"wp-caption-text\">\u00d6r\u00e6faj\u00f6kull\/Skaftafell &#8211; \u00deorvar\u00f0ur \u00c1rnason<\/p><\/div>\n<p>J\u00f6kul\u00e1r hafa fl\u00e6mst um og me\u00f0al annars bori\u00f0 fram efni\u00f0 sem myndar Skei\u00f0ar\u00e1rsand. \u00c1rnar voru l\u00f6ngum miklir farat\u00e1lmar en vi\u00f0 br\u00faun Skei\u00f0ar\u00e1r 1974 opna\u00f0ist hringvegur um \u00cdsland. Allt er \u00fe\u00f3 breytingum h\u00e1\u00f0 og s\u00ed\u00f0an 2009 hefur Skei\u00f0ar\u00e1 runni\u00f0 til vesturs framan vi\u00f0 j\u00f6kulspor\u00f0 Skei\u00f0ar\u00e1rj\u00f6kuls. \u00dear sameina\u00f0ist h\u00fan G\u00edgjukv\u00edsl og fellur me\u00f0 henni til sj\u00e1var.<\/p>\n<div id=\"attachment_218214\" style=\"width: 690px\" class=\"wp-caption aligncenter\"><img loading=\"lazy\" decoding=\"async\" aria-describedby=\"caption-attachment-218214\" class=\"wp-image-218214 size-large\" src=\"https:\/\/visitvatnajokull.is\/wp-content\/uploads\/2020\/07\/large-Skaftafellsj\u00f6kull-\u00deorsteinn-Roy-J\u00f3hannsson-5-1024x640.jpg\" alt=\"\" width=\"680\" height=\"425\" srcset=\"https:\/\/visitvatnajokull.is\/wp-content\/uploads\/2020\/07\/large-Skaftafellsj\u00f6kull-\u00deorsteinn-Roy-J\u00f3hannsson-5-1024x640.jpg 1024w, https:\/\/visitvatnajokull.is\/wp-content\/uploads\/2020\/07\/large-Skaftafellsj\u00f6kull-\u00deorsteinn-Roy-J\u00f3hannsson-5-300x188.jpg 300w, https:\/\/visitvatnajokull.is\/wp-content\/uploads\/2020\/07\/large-Skaftafellsj\u00f6kull-\u00deorsteinn-Roy-J\u00f3hannsson-5-768x480.jpg 768w, https:\/\/visitvatnajokull.is\/wp-content\/uploads\/2020\/07\/large-Skaftafellsj\u00f6kull-\u00deorsteinn-Roy-J\u00f3hannsson-5-1536x960.jpg 1536w, https:\/\/visitvatnajokull.is\/wp-content\/uploads\/2020\/07\/large-Skaftafellsj\u00f6kull-\u00deorsteinn-Roy-J\u00f3hannsson-5-1120x700.jpg 1120w, https:\/\/visitvatnajokull.is\/wp-content\/uploads\/2020\/07\/large-Skaftafellsj\u00f6kull-\u00deorsteinn-Roy-J\u00f3hannsson-5-737x461.jpg 737w, https:\/\/visitvatnajokull.is\/wp-content\/uploads\/2020\/07\/large-Skaftafellsj\u00f6kull-\u00deorsteinn-Roy-J\u00f3hannsson-5-645x403.jpg 645w, https:\/\/visitvatnajokull.is\/wp-content\/uploads\/2020\/07\/large-Skaftafellsj\u00f6kull-\u00deorsteinn-Roy-J\u00f3hannsson-5-1433x896.jpg 1433w, https:\/\/visitvatnajokull.is\/wp-content\/uploads\/2020\/07\/large-Skaftafellsj\u00f6kull-\u00deorsteinn-Roy-J\u00f3hannsson-5.jpg 1600w\" sizes=\"auto, (max-width: 680px) 100vw, 680px\" \/><p id=\"caption-attachment-218214\" class=\"wp-caption-text\">Skaftafellsj\u00f6kull &#8211; \u00deorsteinn Roy J\u00f3hannsson<\/p><\/div>\n<p>Umhverfis Skaftafell er mikil eldvirkni. \u00c1ri\u00f0 1362 gaus \u00d6r\u00e6faj\u00f6kull mesta vikurgosi sem or\u00f0i\u00f0 hefur \u00e1 \u00cdslandi s\u00ed\u00f0an s\u00f6gur h\u00f3fust. \u00d6r\u00e6faj\u00f6kull gaus aftur \u00e1ri\u00f0 1727 en \u00fe\u00e1 var gosi\u00f0 minna. Gr\u00edmsv\u00f6tn eru virkasta eldst\u00f6\u00f0 og minntu r\u00e6kilega \u00e1 sig \u00ed ma\u00ed 2011 me\u00f0 miklu \u00f6skugosi. Gr\u00edmsv\u00f6tn eru einnig kunn fyrir Skei\u00f0ar\u00e1rhlaupin sem eiga uppt\u00f6k s\u00edn \u00fear.<\/p>\n<p>Sko\u00f0a\u00f0u g\u00f6ngulei\u00f0ir \u00ed kringum \u00feetta kyngimagna\u00f0a sv\u00e6\u00f0i Skaftafells og n\u00e1grenni <b><a href=\"https:\/\/www.vatnajokulsthjodgardur.is\/static\/files\/svaedin\/skaftafell\/Kort-baeklingar\/skaftafell_60x32cm_islenska_mai-juni_2019_p.pdf\">h\u00e9r<\/a>.<\/b><\/p>\n<h4>L\u00f3ns\u00f6r\u00e6fi<\/h4>\n<p><span class=\"TextRun  BCX7 SCXW216413524\" lang=\"IS-IS\" xml:lang=\"IS-IS\" data-contrast=\"none\"><span class=\"NormalTextRun  BCX7 SCXW216413524\">\u00cd L\u00f3ni, austasta hluta\u00a0<\/span><\/span><span class=\"TextRun  BCX7 SCXW216413524\" lang=\"IS-IS\" xml:lang=\"IS-IS\" data-contrast=\"none\"><span class=\"NormalTextRun  BCX7 SCXW216413524\">sv\u00e6\u00f0isins,<\/span><\/span><span class=\"TextRun  BCX7 SCXW216413524\" lang=\"IS-IS\" xml:lang=\"IS-IS\" data-contrast=\"none\"><span class=\"NormalTextRun  BCX7 SCXW216413524\">\u00a0liggja Stafafellsfj\u00f6ll sem\u00a0<\/span><\/span><span class=\"TextRun  BCX7 SCXW216413524\" lang=\"IS-IS\" xml:lang=\"IS-IS\" data-contrast=\"none\"><span class=\"NormalTextRun  BCX7 SCXW216413524\">liggja inn<\/span><\/span><span class=\"TextRun  BCX7 SCXW216413524\" lang=\"IS-IS\" xml:lang=\"IS-IS\" data-contrast=\"none\"><span class=\"NormalTextRun  BCX7 SCXW216413524\">\u00a0<\/span><\/span><span class=\"TextRun  BCX7 SCXW216413524\" lang=\"IS-IS\" xml:lang=\"IS-IS\" data-contrast=\"none\"><span class=\"NormalTextRun  BCX7 SCXW216413524\">a\u00f0<\/span><\/span><span class=\"TextRun  BCX7 SCXW216413524\" lang=\"IS-IS\" xml:lang=\"IS-IS\" data-contrast=\"none\"><span class=\"NormalTextRun  BCX7 SCXW216413524\">\u00a0<\/span><\/span><span class=\"TextRun  BCX7 SCXW216413524\" lang=\"IS-IS\" xml:lang=\"IS-IS\" data-contrast=\"none\"><span class=\"NormalTextRun SpellingErrorV2  BCX7 SCXW216413524\">L\u00f3ns\u00f6r\u00e6f<\/span><\/span><span class=\"TextRun  BCX7 SCXW216413524\" lang=\"IS-IS\" xml:lang=\"IS-IS\" data-contrast=\"none\"><span class=\"NormalTextRun SpellingErrorV2  BCX7 SCXW216413524\">um<\/span><\/span><span class=\"TextRun  BCX7 SCXW216413524\" lang=\"IS-IS\" xml:lang=\"IS-IS\" data-contrast=\"none\"><span class=\"NormalTextRun  BCX7 SCXW216413524\">.<\/span><\/span><span class=\"TextRun  BCX7 SCXW216413524\" lang=\"IS-IS\" xml:lang=\"IS-IS\" data-contrast=\"none\"><span class=\"NormalTextRun  BCX7 SCXW216413524\">\u00a0<\/span><\/span><span class=\"TextRun  BCX7 SCXW216413524\" lang=\"IS-IS\" xml:lang=\"IS-IS\" data-contrast=\"none\"><span class=\"NormalTextRun SpellingErrorV2  BCX7 SCXW216413524\">L\u00f3ns\u00f6r\u00e6fin<\/span><\/span><span class=\"TextRun  BCX7 SCXW216413524\" lang=\"IS-IS\" xml:lang=\"IS-IS\" data-contrast=\"none\"><span class=\"NormalTextRun  BCX7 SCXW216413524\">\u00a0<\/span><\/span><span class=\"TextRun  BCX7 SCXW216413524\" lang=\"IS-IS\" xml:lang=\"IS-IS\" data-contrast=\"none\"><span class=\"NormalTextRun  BCX7 SCXW216413524\">einkennast af tilkomumiklum\u00a0<\/span><\/span><span class=\"TextRun  BCX7 SCXW216413524\" lang=\"IS-IS\" xml:lang=\"IS-IS\" data-contrast=\"none\"><span class=\"NormalTextRun SpellingErrorV2  BCX7 SCXW216413524\">l\u00edpar\u00edt<\/span><\/span><span class=\"TextRun  BCX7 SCXW216413524\" lang=\"IS-IS\" xml:lang=\"IS-IS\" data-contrast=\"none\"><span class=\"NormalTextRun  BCX7 SCXW216413524\">\u00a0fj\u00f6llum<\/span><\/span><span class=\"TextRun  BCX7 SCXW216413524\" lang=\"IS-IS\" xml:lang=\"IS-IS\" data-contrast=\"none\"><span class=\"NormalTextRun  BCX7 SCXW216413524\">, me\u00f0\u00a0<\/span><\/span><span class=\"TextRun  BCX7 SCXW216413524\" lang=\"IS-IS\" xml:lang=\"IS-IS\" data-contrast=\"none\"><span class=\"NormalTextRun SpellingErrorV2  BCX7 SCXW216413524\">klett\u00f3ttum<\/span><\/span><span class=\"TextRun  BCX7 SCXW216413524\" lang=\"IS-IS\" xml:lang=\"IS-IS\" data-contrast=\"none\"><span class=\"NormalTextRun  BCX7 SCXW216413524\">\u00a0glj\u00fafrum og \u00f6\u00f0ru\u00a0<\/span><\/span><span class=\"TextRun  BCX7 SCXW216413524\" lang=\"IS-IS\" xml:lang=\"IS-IS\" data-contrast=\"none\"><span class=\"NormalTextRun  BCX7 SCXW216413524\">bergi<\/span><\/span><span class=\"TextRun  BCX7 SCXW216413524\" lang=\"IS-IS\" xml:lang=\"IS-IS\" data-contrast=\"none\"><span class=\"NormalTextRun  BCX7 SCXW216413524\">\u00a0sem<\/span><\/span><span class=\"TextRun  BCX7 SCXW216413524\" lang=\"IS-IS\" xml:lang=\"IS-IS\" data-contrast=\"none\"><span class=\"NormalTextRun  BCX7 SCXW216413524\">\u00a0saman<\/span><\/span><span class=\"TextRun  BCX7 SCXW216413524\" lang=\"IS-IS\" xml:lang=\"IS-IS\" data-contrast=\"none\"><span class=\"NormalTextRun  BCX7 SCXW216413524\">\u00a0skapa\u00a0<\/span><\/span><span class=\"TextRun  BCX7 SCXW216413524\" lang=\"IS-IS\" xml:lang=\"IS-IS\" data-contrast=\"none\"><span class=\"NormalTextRun  BCX7 SCXW216413524\">st\u00f3rfenglegt<\/span><\/span><span class=\"TextRun  BCX7 SCXW216413524\" lang=\"IS-IS\" xml:lang=\"IS-IS\" data-contrast=\"none\"><span class=\"NormalTextRun  BCX7 SCXW216413524\">\u00a0sj\u00f3narspil lita<\/span><\/span><span class=\"TextRun  BCX7 SCXW216413524\" lang=\"IS-IS\" xml:lang=\"IS-IS\" data-contrast=\"none\"><span class=\"NormalTextRun  BCX7 SCXW216413524\">.<\/span><\/span> <span class=\"TextRun  BCX7 SCXW216413524\" lang=\"IS-IS\" xml:lang=\"IS-IS\" data-contrast=\"none\"><span class=\"NormalTextRun  BCX7 SCXW216413524\">Sv\u00e6\u00f0i\u00f0 er e<\/span><\/span><span class=\"TextRun  BCX7 SCXW216413524\" lang=\"IS-IS\" xml:lang=\"IS-IS\" data-contrast=\"none\"><span class=\"NormalTextRun  BCX7 SCXW216413524\">innig<\/span><\/span><span class=\"TextRun  BCX7 SCXW216413524\" lang=\"IS-IS\" xml:lang=\"IS-IS\" data-contrast=\"none\"><span class=\"NormalTextRun  BCX7 SCXW216413524\">\u00a0gr\u00f3skumiki\u00f0\u00a0<\/span><\/span><span class=\"TextRun  BCX7 SCXW216413524\" lang=\"IS-IS\" xml:lang=\"IS-IS\" data-contrast=\"none\"><span class=\"NormalTextRun  BCX7 SCXW216413524\">og l\u00edklegt er a\u00f0 koma auga \u00e1 hreind\u00fdr \u00ed\u00a0<\/span><\/span><span class=\"TextRun  BCX7 SCXW216413524\" lang=\"IS-IS\" xml:lang=\"IS-IS\" data-contrast=\"none\"><span class=\"NormalTextRun  BCX7 SCXW216413524\">dj\u00fapum\u00a0<\/span><\/span><span class=\"TextRun  BCX7 SCXW216413524\" lang=\"IS-IS\" xml:lang=\"IS-IS\" data-contrast=\"none\"><span class=\"NormalTextRun  BCX7 SCXW216413524\">d\u00f6lu<\/span><\/span><span class=\"TextRun  BCX7 SCXW216413524\" lang=\"IS-IS\" xml:lang=\"IS-IS\" data-contrast=\"none\"><span class=\"NormalTextRun  BCX7 SCXW216413524\">num<\/span><\/span><span class=\"TextRun  BCX7 SCXW216413524\" lang=\"IS-IS\" xml:lang=\"IS-IS\" data-contrast=\"none\"><span class=\"NormalTextRun  BCX7 SCXW216413524\">.<\/span><\/span><span class=\"TextRun  BCX7 SCXW216413524\" lang=\"IS-IS\" xml:lang=\"IS-IS\" data-contrast=\"none\"><span class=\"NormalTextRun  BCX7 SCXW216413524\">\u00a0<\/span><\/span><\/p>\n<div id=\"attachment_218318\" style=\"width: 690px\" class=\"wp-caption aligncenter\"><img loading=\"lazy\" decoding=\"async\" aria-describedby=\"caption-attachment-218318\" class=\"wp-image-218318 size-large\" src=\"https:\/\/visitvatnajokull.is\/wp-content\/uploads\/2020\/07\/large-L\u00f3n-Illikambur-\u00deorvar\u00f0ur-\u00c1rnason-16-1024x680.jpg\" alt=\"\" width=\"680\" height=\"452\" srcset=\"https:\/\/visitvatnajokull.is\/wp-content\/uploads\/2020\/07\/large-L\u00f3n-Illikambur-\u00deorvar\u00f0ur-\u00c1rnason-16-1024x680.jpg 1024w, https:\/\/visitvatnajokull.is\/wp-content\/uploads\/2020\/07\/large-L\u00f3n-Illikambur-\u00deorvar\u00f0ur-\u00c1rnason-16-300x199.jpg 300w, https:\/\/visitvatnajokull.is\/wp-content\/uploads\/2020\/07\/large-L\u00f3n-Illikambur-\u00deorvar\u00f0ur-\u00c1rnason-16-768x510.jpg 768w, https:\/\/visitvatnajokull.is\/wp-content\/uploads\/2020\/07\/large-L\u00f3n-Illikambur-\u00deorvar\u00f0ur-\u00c1rnason-16-1536x1020.jpg 1536w, https:\/\/visitvatnajokull.is\/wp-content\/uploads\/2020\/07\/large-L\u00f3n-Illikambur-\u00deorvar\u00f0ur-\u00c1rnason-16-1054x700.jpg 1054w, https:\/\/visitvatnajokull.is\/wp-content\/uploads\/2020\/07\/large-L\u00f3n-Illikambur-\u00deorvar\u00f0ur-\u00c1rnason-16-725x482.jpg 725w, https:\/\/visitvatnajokull.is\/wp-content\/uploads\/2020\/07\/large-L\u00f3n-Illikambur-\u00deorvar\u00f0ur-\u00c1rnason-16-645x429.jpg 645w, https:\/\/visitvatnajokull.is\/wp-content\/uploads\/2020\/07\/large-L\u00f3n-Illikambur-\u00deorvar\u00f0ur-\u00c1rnason-16-1433x952.jpg 1433w, https:\/\/visitvatnajokull.is\/wp-content\/uploads\/2020\/07\/large-L\u00f3n-Illikambur-\u00deorvar\u00f0ur-\u00c1rnason-16.jpg 1600w\" sizes=\"auto, (max-width: 680px) 100vw, 680px\" \/><p id=\"caption-attachment-218318\" class=\"wp-caption-text\">Illikambur &#8211; \u00deorvar\u00f0ur \u00c1rnason<\/p><\/div>\n<p><span class=\"TextRun  BCX7 SCXW216413524\" lang=\"IS-IS\" xml:lang=\"IS-IS\" data-contrast=\"none\"><span class=\"NormalTextRun  BCX7 SCXW216413524\">H\u00e6gt er a\u00f0 velja \u00far \u00fdmsum g\u00f6ngulei\u00f0um sem gera\u00a0<\/span><\/span><span class=\"TextRun  BCX7 SCXW216413524\" lang=\"IS-IS\" xml:lang=\"IS-IS\" data-contrast=\"none\"><span class=\"NormalTextRun SpellingErrorV2  BCX7 SCXW216413524\">L\u00f3ns\u00f6r\u00e6fi<\/span><\/span><span class=\"TextRun  BCX7 SCXW216413524\" lang=\"IS-IS\" xml:lang=\"IS-IS\" data-contrast=\"none\"><span class=\"NormalTextRun  BCX7 SCXW216413524\"> tilvalin fyrir g\u00f6nguf\u00f3lk. Vert er \u00fe\u00f3 a\u00f0 hafa \u00ed huga a\u00f0 \u00fea\u00f0 getur veri\u00f0 sn\u00fai\u00f0 a\u00f0 komast \u00feanga\u00f0 og m\u00e6lt er me\u00f0 a\u00f0 afla s\u00e9r\u202fuppl\u00fd<\/span><\/span><span class=\"TextRun  BCX7 SCXW216413524\" lang=\"IS-IS\" xml:lang=\"IS-IS\" data-contrast=\"none\"><span class=\"NormalTextRun  BCX7 SCXW216413524\">sin<\/span><\/span><span class=\"TextRun  BCX7 SCXW216413524\" lang=\"IS-IS\" xml:lang=\"IS-IS\" data-contrast=\"none\"><span class=\"NormalTextRun  BCX7 SCXW216413524\">ga<\/span><\/span><span class=\"TextRun  BCX7 SCXW216413524\" lang=\"IS-IS\" xml:lang=\"IS-IS\" data-contrast=\"none\"><span class=\"NormalTextRun  BCX7 SCXW216413524\">\u00a0sta\u00f0kunnugra<\/span><\/span><span class=\"TextRun  BCX7 SCXW216413524\" lang=\"IS-IS\" xml:lang=\"IS-IS\" data-contrast=\"none\"><span class=\"NormalTextRun  BCX7 SCXW216413524\">\u00a0\u00e1\u00f0ur en lagt er af sta\u00f0.<\/span><\/span><\/p>\n<p><span class=\"EOP  BCX7 SCXW216413524\" data-ccp-props=\"{}\">Sko\u00f0a\u00f0u g\u00f6ngulei\u00f0ir um undraver\u00f6ld L\u00f3ns\u00f6r\u00e6fa\u00a0<strong><a href=\"https:\/\/www.vatnajokulsthjodgardur.is\/is\/svaedin\/snaefell-lonsoraefi\/skipuleggja-heimsokn\/gonguleidir-1\/lonsoraefi\">h\u00e9r<\/a>.<\/strong><\/span><\/p>\n<p><iframe loading=\"lazy\" src=\"https:\/\/www.youtube.com\/embed\/Ooggpbm9MKc\" width=\"100%\" height=\"315\" frameborder=\"0\" allowfullscreen=\"allowfullscreen\"><span data-mce-type=\"bookmark\" style=\"display: inline-block; width: 0px; overflow: hidden; line-height: 0;\" class=\"mce_SELRES_start\">\ufeff<\/span><\/iframe><\/p>\n<h6>\u00deessi f\u00e6rsla er unnin \u00far efni fr\u00e1 heimas\u00ed\u00f0u Vatnaj\u00f6kuls\u00fej\u00f3\u00f0gar\u00f0s. Finndu fleiri g\u00f6ngulei\u00f0ir um Vatnaj\u00f6kuls\u00fej\u00f3\u00f0gar\u00f0 <span style=\"text-decoration: underline;\"><a href=\"https:\/\/www.vatnajokulsthjodgardur.is\/is\/thjonusta\/almennar-upplysingar\/gonguleidir\">h\u00e9r.<\/a><\/span><\/h6>\n","protected":false},"excerpt":{"rendered":"<p>\u00dea\u00f0 eru margv\u00edslegar og fj\u00f6lbreyttar g\u00f6ngulei\u00f0ar v\u00ed\u00f0svegar um r\u00edki Vatnaj\u00f6kuls, og eru margar \u00feeirra a\u00f0 finna innan Vatnaj\u00f6kul\u00fej\u00f3\u00f0gar\u00f0s. \u00deessar g\u00f6ngulei\u00f0ir eru merktar samkv\u00e6mt erfi\u00f0leikastu\u00f0li og \u00e6ttu \u00fev\u00ed allir a\u00f0 geta fundi\u00f0 g\u00f6ngulei\u00f0 vi\u00f0 sitt h\u00e6fi. A\u00f0 ganga \u00ed einstakri n\u00e1tt\u00farufegur\u00f0 r\u00edki Vatnaj\u00f6kuls er af\u00fereying sem a\u00f0 enginn \u00e6tti a\u00f0 l\u00e1ta framhj\u00e1 s\u00e9r fara. Brei\u00f0\u00e1rm\u00f6rk \u00deetta&#8230;<\/p>\n","protected":false},"author":7,"featured_media":218214,"comment_status":"open","ping_status":"closed","sticky":false,"template":"","format":"standard","meta":{"_acf_changed":false,"_jetpack_memberships_contains_paid_content":false,"wds_primary_category":0,"footnotes":""},"categories":[211,212,181,182,183],"tags":[],"class_list":["post-218204","post","type-post","status-publish","format-standard","has-post-thumbnail","hentry","category-leidsogn","category-gonguferdir","category-nattura","category-skodunarferdir","category-hugmyndir"],"acf":[],"yoast_head":"<!-- This site is optimized with the Yoast SEO plugin v27.4 - https:\/\/yoast.com\/product\/yoast-seo-wordpress\/ -->\n<title>G\u00f6ngulei\u00f0ir \u00ed r\u00edki Vatnaj\u00f6kuls - Visit Vatnaj\u00f6kull<\/title>\n<meta name=\"robots\" content=\"index, follow, max-snippet:-1, max-image-preview:large, max-video-preview:-1\" \/>\n<link rel=\"canonical\" href=\"https:\/\/visitvatnajokull.is\/is\/gonguleidir-i-riki-vatnajokuls\/\" \/>\n<meta property=\"og:locale\" content=\"is_IS\" \/>\n<meta property=\"og:type\" content=\"article\" \/>\n<meta property=\"og:title\" content=\"G\u00f6ngulei\u00f0ir \u00ed r\u00edki Vatnaj\u00f6kuls - Visit Vatnaj\u00f6kull\" \/>\n<meta property=\"og:description\" content=\"\u00dea\u00f0 eru margv\u00edslegar og fj\u00f6lbreyttar g\u00f6ngulei\u00f0ar v\u00ed\u00f0svegar um r\u00edki Vatnaj\u00f6kuls, og eru margar \u00feeirra a\u00f0 finna innan Vatnaj\u00f6kul\u00fej\u00f3\u00f0gar\u00f0s. \u00deessar g\u00f6ngulei\u00f0ir eru merktar samkv\u00e6mt erfi\u00f0leikastu\u00f0li og \u00e6ttu \u00fev\u00ed allir a\u00f0 geta fundi\u00f0 g\u00f6ngulei\u00f0 vi\u00f0 sitt h\u00e6fi. A\u00f0 ganga \u00ed einstakri n\u00e1tt\u00farufegur\u00f0 r\u00edki Vatnaj\u00f6kuls er af\u00fereying sem a\u00f0 enginn \u00e6tti a\u00f0 l\u00e1ta framhj\u00e1 s\u00e9r fara. Brei\u00f0\u00e1rm\u00f6rk \u00deetta...\" \/>\n<meta property=\"og:url\" content=\"https:\/\/visitvatnajokull.is\/is\/gonguleidir-i-riki-vatnajokuls\/\" \/>\n<meta property=\"og:site_name\" content=\"Visit Vatnaj\u00f6kull\" \/>\n<meta property=\"article:publisher\" content=\"https:\/\/www.facebook.com\/visitvatnajokull.is\/\" \/>\n<meta property=\"article:published_time\" content=\"2020-07-10T12:03:53+00:00\" \/>\n<meta property=\"article:modified_time\" content=\"2020-07-20T11:55:41+00:00\" \/>\n<meta property=\"og:image\" content=\"https:\/\/visitvatnajokull.is\/wp-content\/uploads\/2020\/07\/large-Skaftafellsj\u00f6kull-\u00deorsteinn-Roy-J\u00f3hannsson-5.jpg\" \/>\n\t<meta property=\"og:image:width\" content=\"1600\" \/>\n\t<meta property=\"og:image:height\" content=\"1000\" \/>\n\t<meta property=\"og:image:type\" content=\"image\/jpeg\" \/>\n<meta name=\"author\" content=\"\u00c1rd\u00eds Erna Halld\u00f3rsd\u00f3ttir\" \/>\n<meta name=\"twitter:card\" content=\"summary_large_image\" \/>\n<meta name=\"twitter:creator\" content=\"@vatnajokull_reg\" \/>\n<meta name=\"twitter:site\" content=\"@vatnajokull_reg\" \/>\n<meta name=\"twitter:label1\" content=\"Written by\" \/>\n\t<meta name=\"twitter:data1\" content=\"\u00c1rd\u00eds Erna Halld\u00f3rsd\u00f3ttir\" \/>\n\t<meta name=\"twitter:label2\" content=\"Est. reading time\" \/>\n\t<meta name=\"twitter:data2\" content=\"5 minutes\" \/>\n<script type=\"application\/ld+json\" class=\"yoast-schema-graph\">{\"@context\":\"https:\\\/\\\/schema.org\",\"@graph\":[{\"@type\":\"Article\",\"@id\":\"https:\\\/\\\/visitvatnajokull.is\\\/is\\\/gonguleidir-i-riki-vatnajokuls\\\/#article\",\"isPartOf\":{\"@id\":\"https:\\\/\\\/visitvatnajokull.is\\\/is\\\/gonguleidir-i-riki-vatnajokuls\\\/\"},\"author\":{\"name\":\"\u00c1rd\u00eds Erna Halld\u00f3rsd\u00f3ttir\",\"@id\":\"https:\\\/\\\/visitvatnajokull.is\\\/#\\\/schema\\\/person\\\/d8a89fcb60fbbcf94f15e6fdb68f00db\"},\"headline\":\"G\u00f6ngulei\u00f0ir \u00ed r\u00edki Vatnaj\u00f6kuls\",\"datePublished\":\"2020-07-10T12:03:53+00:00\",\"dateModified\":\"2020-07-20T11:55:41+00:00\",\"mainEntityOfPage\":{\"@id\":\"https:\\\/\\\/visitvatnajokull.is\\\/is\\\/gonguleidir-i-riki-vatnajokuls\\\/\"},\"wordCount\":1056,\"commentCount\":0,\"image\":{\"@id\":\"https:\\\/\\\/visitvatnajokull.is\\\/is\\\/gonguleidir-i-riki-vatnajokuls\\\/#primaryimage\"},\"thumbnailUrl\":\"https:\\\/\\\/visitvatnajokull.is\\\/wp-content\\\/uploads\\\/2020\\\/07\\\/large-Skaftafellsj\u00f6kull-\u00deorsteinn-Roy-J\u00f3hannsson-5.jpg\",\"articleSection\":[\"Lei\u00f0s\u00f6gn\",\"G\u00f6ngufer\u00f0ir\",\"N\u00e1tt\u00fara\",\"Sko\u00f0unarfer\u00f0ir\",\"Hugmyndir\"],\"inLanguage\":\"is\",\"potentialAction\":[{\"@type\":\"CommentAction\",\"name\":\"Comment\",\"target\":[\"https:\\\/\\\/visitvatnajokull.is\\\/is\\\/gonguleidir-i-riki-vatnajokuls\\\/#respond\"]}]},{\"@type\":\"WebPage\",\"@id\":\"https:\\\/\\\/visitvatnajokull.is\\\/is\\\/gonguleidir-i-riki-vatnajokuls\\\/\",\"url\":\"https:\\\/\\\/visitvatnajokull.is\\\/is\\\/gonguleidir-i-riki-vatnajokuls\\\/\",\"name\":\"G\u00f6ngulei\u00f0ir \u00ed r\u00edki Vatnaj\u00f6kuls - Visit Vatnaj\u00f6kull\",\"isPartOf\":{\"@id\":\"https:\\\/\\\/visitvatnajokull.is\\\/#website\"},\"primaryImageOfPage\":{\"@id\":\"https:\\\/\\\/visitvatnajokull.is\\\/is\\\/gonguleidir-i-riki-vatnajokuls\\\/#primaryimage\"},\"image\":{\"@id\":\"https:\\\/\\\/visitvatnajokull.is\\\/is\\\/gonguleidir-i-riki-vatnajokuls\\\/#primaryimage\"},\"thumbnailUrl\":\"https:\\\/\\\/visitvatnajokull.is\\\/wp-content\\\/uploads\\\/2020\\\/07\\\/large-Skaftafellsj\u00f6kull-\u00deorsteinn-Roy-J\u00f3hannsson-5.jpg\",\"datePublished\":\"2020-07-10T12:03:53+00:00\",\"dateModified\":\"2020-07-20T11:55:41+00:00\",\"author\":{\"@id\":\"https:\\\/\\\/visitvatnajokull.is\\\/#\\\/schema\\\/person\\\/d8a89fcb60fbbcf94f15e6fdb68f00db\"},\"breadcrumb\":{\"@id\":\"https:\\\/\\\/visitvatnajokull.is\\\/is\\\/gonguleidir-i-riki-vatnajokuls\\\/#breadcrumb\"},\"inLanguage\":\"is\",\"potentialAction\":[{\"@type\":\"ReadAction\",\"target\":[\"https:\\\/\\\/visitvatnajokull.is\\\/is\\\/gonguleidir-i-riki-vatnajokuls\\\/\"]}]},{\"@type\":\"ImageObject\",\"inLanguage\":\"is\",\"@id\":\"https:\\\/\\\/visitvatnajokull.is\\\/is\\\/gonguleidir-i-riki-vatnajokuls\\\/#primaryimage\",\"url\":\"https:\\\/\\\/visitvatnajokull.is\\\/wp-content\\\/uploads\\\/2020\\\/07\\\/large-Skaftafellsj\u00f6kull-\u00deorsteinn-Roy-J\u00f3hannsson-5.jpg\",\"contentUrl\":\"https:\\\/\\\/visitvatnajokull.is\\\/wp-content\\\/uploads\\\/2020\\\/07\\\/large-Skaftafellsj\u00f6kull-\u00deorsteinn-Roy-J\u00f3hannsson-5.jpg\",\"width\":1600,\"height\":1000},{\"@type\":\"BreadcrumbList\",\"@id\":\"https:\\\/\\\/visitvatnajokull.is\\\/is\\\/gonguleidir-i-riki-vatnajokuls\\\/#breadcrumb\",\"itemListElement\":[{\"@type\":\"ListItem\",\"position\":1,\"name\":\"Home\",\"item\":\"https:\\\/\\\/visitvatnajokull.is\\\/is\\\/\"},{\"@type\":\"ListItem\",\"position\":2,\"name\":\"G\u00f6ngulei\u00f0ir \u00ed r\u00edki Vatnaj\u00f6kuls\"}]},{\"@type\":\"WebSite\",\"@id\":\"https:\\\/\\\/visitvatnajokull.is\\\/#website\",\"url\":\"https:\\\/\\\/visitvatnajokull.is\\\/\",\"name\":\"Visit Vatnaj\u00f6kull\",\"description\":\"Visit Vatnaj\u00f6kull and explore all that the region has to offer\",\"potentialAction\":[{\"@type\":\"SearchAction\",\"target\":{\"@type\":\"EntryPoint\",\"urlTemplate\":\"https:\\\/\\\/visitvatnajokull.is\\\/?s={search_term_string}\"},\"query-input\":{\"@type\":\"PropertyValueSpecification\",\"valueRequired\":true,\"valueName\":\"search_term_string\"}}],\"inLanguage\":\"is\"},{\"@type\":\"Person\",\"@id\":\"https:\\\/\\\/visitvatnajokull.is\\\/#\\\/schema\\\/person\\\/d8a89fcb60fbbcf94f15e6fdb68f00db\",\"name\":\"\u00c1rd\u00eds Erna Halld\u00f3rsd\u00f3ttir\",\"image\":{\"@type\":\"ImageObject\",\"inLanguage\":\"is\",\"@id\":\"https:\\\/\\\/visitvatnajokull.is\\\/wp-content\\\/wphb-cache\\\/gravatar\\\/154\\\/15474551785c0dbe93b8daacdeb91d23x96.jpg\",\"url\":\"https:\\\/\\\/visitvatnajokull.is\\\/wp-content\\\/wphb-cache\\\/gravatar\\\/154\\\/15474551785c0dbe93b8daacdeb91d23x96.jpg\",\"contentUrl\":\"https:\\\/\\\/visitvatnajokull.is\\\/wp-content\\\/wphb-cache\\\/gravatar\\\/154\\\/15474551785c0dbe93b8daacdeb91d23x96.jpg\",\"caption\":\"\u00c1rd\u00eds Erna Halld\u00f3rsd\u00f3ttir\"},\"url\":\"https:\\\/\\\/visitvatnajokull.is\\\/is\\\/author\\\/ardis\\\/\"}]}<\/script>\n<!-- \/ Yoast SEO plugin. -->","yoast_head_json":{"title":"G\u00f6ngulei\u00f0ir \u00ed r\u00edki Vatnaj\u00f6kuls - Visit Vatnaj\u00f6kull","robots":{"index":"index","follow":"follow","max-snippet":"max-snippet:-1","max-image-preview":"max-image-preview:large","max-video-preview":"max-video-preview:-1"},"canonical":"https:\/\/visitvatnajokull.is\/is\/gonguleidir-i-riki-vatnajokuls\/","og_locale":"is_IS","og_type":"article","og_title":"G\u00f6ngulei\u00f0ir \u00ed r\u00edki Vatnaj\u00f6kuls - Visit Vatnaj\u00f6kull","og_description":"\u00dea\u00f0 eru margv\u00edslegar og fj\u00f6lbreyttar g\u00f6ngulei\u00f0ar v\u00ed\u00f0svegar um r\u00edki Vatnaj\u00f6kuls, og eru margar \u00feeirra a\u00f0 finna innan Vatnaj\u00f6kul\u00fej\u00f3\u00f0gar\u00f0s. \u00deessar g\u00f6ngulei\u00f0ir eru merktar samkv\u00e6mt erfi\u00f0leikastu\u00f0li og \u00e6ttu \u00fev\u00ed allir a\u00f0 geta fundi\u00f0 g\u00f6ngulei\u00f0 vi\u00f0 sitt h\u00e6fi. A\u00f0 ganga \u00ed einstakri n\u00e1tt\u00farufegur\u00f0 r\u00edki Vatnaj\u00f6kuls er af\u00fereying sem a\u00f0 enginn \u00e6tti a\u00f0 l\u00e1ta framhj\u00e1 s\u00e9r fara. Brei\u00f0\u00e1rm\u00f6rk \u00deetta...","og_url":"https:\/\/visitvatnajokull.is\/is\/gonguleidir-i-riki-vatnajokuls\/","og_site_name":"Visit Vatnaj\u00f6kull","article_publisher":"https:\/\/www.facebook.com\/visitvatnajokull.is\/","article_published_time":"2020-07-10T12:03:53+00:00","article_modified_time":"2020-07-20T11:55:41+00:00","og_image":[{"width":1600,"height":1000,"url":"https:\/\/visitvatnajokull.is\/wp-content\/uploads\/2020\/07\/large-Skaftafellsj\u00f6kull-\u00deorsteinn-Roy-J\u00f3hannsson-5.jpg","type":"image\/jpeg"}],"author":"\u00c1rd\u00eds Erna Halld\u00f3rsd\u00f3ttir","twitter_card":"summary_large_image","twitter_creator":"@vatnajokull_reg","twitter_site":"@vatnajokull_reg","twitter_misc":{"Written by":"\u00c1rd\u00eds Erna Halld\u00f3rsd\u00f3ttir","Est. reading time":"5 minutes"},"schema":{"@context":"https:\/\/schema.org","@graph":[{"@type":"Article","@id":"https:\/\/visitvatnajokull.is\/is\/gonguleidir-i-riki-vatnajokuls\/#article","isPartOf":{"@id":"https:\/\/visitvatnajokull.is\/is\/gonguleidir-i-riki-vatnajokuls\/"},"author":{"name":"\u00c1rd\u00eds Erna Halld\u00f3rsd\u00f3ttir","@id":"https:\/\/visitvatnajokull.is\/#\/schema\/person\/d8a89fcb60fbbcf94f15e6fdb68f00db"},"headline":"G\u00f6ngulei\u00f0ir \u00ed r\u00edki Vatnaj\u00f6kuls","datePublished":"2020-07-10T12:03:53+00:00","dateModified":"2020-07-20T11:55:41+00:00","mainEntityOfPage":{"@id":"https:\/\/visitvatnajokull.is\/is\/gonguleidir-i-riki-vatnajokuls\/"},"wordCount":1056,"commentCount":0,"image":{"@id":"https:\/\/visitvatnajokull.is\/is\/gonguleidir-i-riki-vatnajokuls\/#primaryimage"},"thumbnailUrl":"https:\/\/visitvatnajokull.is\/wp-content\/uploads\/2020\/07\/large-Skaftafellsj\u00f6kull-\u00deorsteinn-Roy-J\u00f3hannsson-5.jpg","articleSection":["Lei\u00f0s\u00f6gn","G\u00f6ngufer\u00f0ir","N\u00e1tt\u00fara","Sko\u00f0unarfer\u00f0ir","Hugmyndir"],"inLanguage":"is","potentialAction":[{"@type":"CommentAction","name":"Comment","target":["https:\/\/visitvatnajokull.is\/is\/gonguleidir-i-riki-vatnajokuls\/#respond"]}]},{"@type":"WebPage","@id":"https:\/\/visitvatnajokull.is\/is\/gonguleidir-i-riki-vatnajokuls\/","url":"https:\/\/visitvatnajokull.is\/is\/gonguleidir-i-riki-vatnajokuls\/","name":"G\u00f6ngulei\u00f0ir \u00ed r\u00edki Vatnaj\u00f6kuls - Visit Vatnaj\u00f6kull","isPartOf":{"@id":"https:\/\/visitvatnajokull.is\/#website"},"primaryImageOfPage":{"@id":"https:\/\/visitvatnajokull.is\/is\/gonguleidir-i-riki-vatnajokuls\/#primaryimage"},"image":{"@id":"https:\/\/visitvatnajokull.is\/is\/gonguleidir-i-riki-vatnajokuls\/#primaryimage"},"thumbnailUrl":"https:\/\/visitvatnajokull.is\/wp-content\/uploads\/2020\/07\/large-Skaftafellsj\u00f6kull-\u00deorsteinn-Roy-J\u00f3hannsson-5.jpg","datePublished":"2020-07-10T12:03:53+00:00","dateModified":"2020-07-20T11:55:41+00:00","author":{"@id":"https:\/\/visitvatnajokull.is\/#\/schema\/person\/d8a89fcb60fbbcf94f15e6fdb68f00db"},"breadcrumb":{"@id":"https:\/\/visitvatnajokull.is\/is\/gonguleidir-i-riki-vatnajokuls\/#breadcrumb"},"inLanguage":"is","potentialAction":[{"@type":"ReadAction","target":["https:\/\/visitvatnajokull.is\/is\/gonguleidir-i-riki-vatnajokuls\/"]}]},{"@type":"ImageObject","inLanguage":"is","@id":"https:\/\/visitvatnajokull.is\/is\/gonguleidir-i-riki-vatnajokuls\/#primaryimage","url":"https:\/\/visitvatnajokull.is\/wp-content\/uploads\/2020\/07\/large-Skaftafellsj\u00f6kull-\u00deorsteinn-Roy-J\u00f3hannsson-5.jpg","contentUrl":"https:\/\/visitvatnajokull.is\/wp-content\/uploads\/2020\/07\/large-Skaftafellsj\u00f6kull-\u00deorsteinn-Roy-J\u00f3hannsson-5.jpg","width":1600,"height":1000},{"@type":"BreadcrumbList","@id":"https:\/\/visitvatnajokull.is\/is\/gonguleidir-i-riki-vatnajokuls\/#breadcrumb","itemListElement":[{"@type":"ListItem","position":1,"name":"Home","item":"https:\/\/visitvatnajokull.is\/is\/"},{"@type":"ListItem","position":2,"name":"G\u00f6ngulei\u00f0ir \u00ed r\u00edki Vatnaj\u00f6kuls"}]},{"@type":"WebSite","@id":"https:\/\/visitvatnajokull.is\/#website","url":"https:\/\/visitvatnajokull.is\/","name":"Visit Vatnaj\u00f6kull","description":"Visit Vatnaj\u00f6kull and explore all that the region has to offer","potentialAction":[{"@type":"SearchAction","target":{"@type":"EntryPoint","urlTemplate":"https:\/\/visitvatnajokull.is\/?s={search_term_string}"},"query-input":{"@type":"PropertyValueSpecification","valueRequired":true,"valueName":"search_term_string"}}],"inLanguage":"is"},{"@type":"Person","@id":"https:\/\/visitvatnajokull.is\/#\/schema\/person\/d8a89fcb60fbbcf94f15e6fdb68f00db","name":"\u00c1rd\u00eds Erna Halld\u00f3rsd\u00f3ttir","image":{"@type":"ImageObject","inLanguage":"is","@id":"https:\/\/visitvatnajokull.is\/wp-content\/wphb-cache\/gravatar\/154\/15474551785c0dbe93b8daacdeb91d23x96.jpg","url":"https:\/\/visitvatnajokull.is\/wp-content\/wphb-cache\/gravatar\/154\/15474551785c0dbe93b8daacdeb91d23x96.jpg","contentUrl":"https:\/\/visitvatnajokull.is\/wp-content\/wphb-cache\/gravatar\/154\/15474551785c0dbe93b8daacdeb91d23x96.jpg","caption":"\u00c1rd\u00eds Erna Halld\u00f3rsd\u00f3ttir"},"url":"https:\/\/visitvatnajokull.is\/is\/author\/ardis\/"}]}},"jetpack_featured_media_url":"https:\/\/visitvatnajokull.is\/wp-content\/uploads\/2020\/07\/large-Skaftafellsj\u00f6kull-\u00deorsteinn-Roy-J\u00f3hannsson-5.jpg","jetpack_sharing_enabled":true,"_links":{"self":[{"href":"https:\/\/visitvatnajokull.is\/is\/wp-json\/wp\/v2\/posts\/218204","targetHints":{"allow":["GET"]}}],"collection":[{"href":"https:\/\/visitvatnajokull.is\/is\/wp-json\/wp\/v2\/posts"}],"about":[{"href":"https:\/\/visitvatnajokull.is\/is\/wp-json\/wp\/v2\/types\/post"}],"author":[{"embeddable":true,"href":"https:\/\/visitvatnajokull.is\/is\/wp-json\/wp\/v2\/users\/7"}],"replies":[{"embeddable":true,"href":"https:\/\/visitvatnajokull.is\/is\/wp-json\/wp\/v2\/comments?post=218204"}],"version-history":[{"count":0,"href":"https:\/\/visitvatnajokull.is\/is\/wp-json\/wp\/v2\/posts\/218204\/revisions"}],"wp:featuredmedia":[{"embeddable":true,"href":"https:\/\/visitvatnajokull.is\/is\/wp-json\/wp\/v2\/media\/218214"}],"wp:attachment":[{"href":"https:\/\/visitvatnajokull.is\/is\/wp-json\/wp\/v2\/media?parent=218204"}],"wp:term":[{"taxonomy":"category","embeddable":true,"href":"https:\/\/visitvatnajokull.is\/is\/wp-json\/wp\/v2\/categories?post=218204"},{"taxonomy":"post_tag","embeddable":true,"href":"https:\/\/visitvatnajokull.is\/is\/wp-json\/wp\/v2\/tags?post=218204"}],"curies":[{"name":"wp","href":"https:\/\/api.w.org\/{rel}","templated":true}]}}