{"id":218286,"date":"2020-07-13T14:21:23","date_gmt":"2020-07-13T14:21:23","guid":{"rendered":"https:\/\/visitvatnajokull.is\/?p=218286"},"modified":"2020-07-13T16:03:21","modified_gmt":"2020-07-13T16:03:21","slug":"hjolaleidir-i-riki-vatnajokuls","status":"publish","type":"post","link":"https:\/\/visitvatnajokull.is\/is\/hjolaleidir-i-riki-vatnajokuls\/","title":{"rendered":"Hj\u00f3lalei\u00f0ir \u00ed r\u00edki Vatnaj\u00f6kuls"},"content":{"rendered":"<p><em>Hj\u00f3lab\u00f3kin 6. b\u00f3k: Skaftafellss\u00fdslur<\/em> eftir \u00d3mar Sm\u00e1ra Kristinsson sem kom \u00fat \u00e1ri\u00f0 2019. \u00cd b\u00f3kinni fer \u00d3mar hj\u00f3landi um Skaftafellss\u00fdslur; sem \u00ed skiptist upp \u00ed M\u00fdrdalshreppur, Skaft\u00e1rhreppur og Sveitarf\u00e9lagi\u00f0 Hornafj\u00f6r\u00f0ur.<\/p>\n<p>Viltu sj\u00e1 hva\u00f0 er fyrir utan \u00fej\u00f3\u00f0veg nr.1? Viltu komast \u00far fj\u00f6lmenninu? En viltu samt sem \u00e1\u00f0ur nj\u00f3ta fegur\u00f0ar og hrikaleika \u00edslenskrar n\u00e1tt\u00faru?<\/p>\n<p>H\u00e9r er ger\u00f0 grein fyrir \u00feremur hj\u00f3lrei\u00f0alei\u00f0um innan r\u00edkis Vatnaj\u00f6kuls.<\/p>\n<h2><\/h2>\n<p>&nbsp;<\/p>\n<h3 style=\"text-align: center;\"><a href=\"https:\/\/visitvatnajokull.is\/is\/ferd\/morsardalur\/\">Mors\u00e1rdalur<\/a><\/h3>\n<h5 style=\"text-align: center;\">Fjarri b\u00edlum \u00ed f\u00f6grum dal<\/h5>\n<p>\u00cd s\u00f6gu hj\u00f3lab\u00f3kanna er \u00feetta fyrsta hringlei\u00f0in sem ekki er \u00e1 neinum vegum e\u00f0a vegsl\u00f3\u00f0um heldur \u00e1 st\u00edgum eing\u00f6ngu. \u00cd Vatnaj\u00f6kuls\u00fej\u00f3\u00f0gar\u00f0i eru ekki margir st\u00edgar sem m\u00e1 hj\u00f3la \u00e1 en \u00ed Mors\u00e1rdal er heil hringlei\u00f0 \u00ed \u00e6gif\u00f6gru umhverfi. Hringlei\u00f0in er stutt en \u00fea\u00f0 segir ekki alla s\u00f6guna. Helmingur hennar er seinfarinn, \u00fev\u00ed h\u00fan er hi\u00f0 mesta torlei\u00f0i, \u00fdmist st\u00f3rgr\u00fdtt, s\u00f6ndug e\u00f0a \u00e1 kafi \u00ed gr\u00f3\u00f0ri. \u00d3hj\u00e1kv\u00e6milega lengist hj\u00f3lat\u00farinn vi\u00f0 \u00fea\u00f0 eitt a\u00f0 koma s\u00e9r \u00e1 sta\u00f0inn sem er t\u00e6pa \u00ferj\u00e1 km. fr\u00e1 tjaldst\u00e6\u00f0inu \u00ed Skaftafelli. Ef \u00feetta dugar ekki til a\u00f0 f\u00e1 dagsskammt af hj\u00f3lrei\u00f0um, \u00fe\u00e1 m\u00e1 n\u00fdta t\u00e6kif\u00e6ri\u00f0 sem felst \u00ed a\u00f0 vera kominn inn \u00ed Mors\u00e1rdal, og fara lengra inn \u00ed hann. Meira um \u00feessa \u00e6vint\u00fdralegu lei\u00f0 <strong><a href=\"https:\/\/visitvatnajokull.is\/is\/ferd\/morsardalur\/\">h\u00e9r<\/a>.<\/strong><\/p>\n<div id=\"attachment_218292\" style=\"width: 690px\" class=\"wp-caption aligncenter\"><img loading=\"lazy\" decoding=\"async\" aria-describedby=\"caption-attachment-218292\" class=\"wp-image-218292 size-large\" src=\"https:\/\/visitvatnajokull.is\/wp-content\/uploads\/2020\/07\/large-Sk\u00e1lafell-Freysnes-haustlitir-\u00deorvar\u00f0ur-\u00c1rnason-13-1024x681.jpg\" alt=\"\" width=\"680\" height=\"452\" srcset=\"https:\/\/visitvatnajokull.is\/wp-content\/uploads\/2020\/07\/large-Sk\u00e1lafell-Freysnes-haustlitir-\u00deorvar\u00f0ur-\u00c1rnason-13-1024x681.jpg 1024w, https:\/\/visitvatnajokull.is\/wp-content\/uploads\/2020\/07\/large-Sk\u00e1lafell-Freysnes-haustlitir-\u00deorvar\u00f0ur-\u00c1rnason-13-300x200.jpg 300w, https:\/\/visitvatnajokull.is\/wp-content\/uploads\/2020\/07\/large-Sk\u00e1lafell-Freysnes-haustlitir-\u00deorvar\u00f0ur-\u00c1rnason-13-768x511.jpg 768w, https:\/\/visitvatnajokull.is\/wp-content\/uploads\/2020\/07\/large-Sk\u00e1lafell-Freysnes-haustlitir-\u00deorvar\u00f0ur-\u00c1rnason-13-1536x1021.jpg 1536w, https:\/\/visitvatnajokull.is\/wp-content\/uploads\/2020\/07\/large-Sk\u00e1lafell-Freysnes-haustlitir-\u00deorvar\u00f0ur-\u00c1rnason-13-1053x700.jpg 1053w, https:\/\/visitvatnajokull.is\/wp-content\/uploads\/2020\/07\/large-Sk\u00e1lafell-Freysnes-haustlitir-\u00deorvar\u00f0ur-\u00c1rnason-13-725x482.jpg 725w, https:\/\/visitvatnajokull.is\/wp-content\/uploads\/2020\/07\/large-Sk\u00e1lafell-Freysnes-haustlitir-\u00deorvar\u00f0ur-\u00c1rnason-13-645x429.jpg 645w, https:\/\/visitvatnajokull.is\/wp-content\/uploads\/2020\/07\/large-Sk\u00e1lafell-Freysnes-haustlitir-\u00deorvar\u00f0ur-\u00c1rnason-13-1433x953.jpg 1433w, https:\/\/visitvatnajokull.is\/wp-content\/uploads\/2020\/07\/large-Sk\u00e1lafell-Freysnes-haustlitir-\u00deorvar\u00f0ur-\u00c1rnason-13.jpg 1600w\" sizes=\"auto, (max-width: 680px) 100vw, 680px\" \/><p id=\"caption-attachment-218292\" class=\"wp-caption-text\">Mynd: \u00deorvar\u00f0ur \u00c1rnason<\/p><\/div>\n<p>&nbsp;<\/p>\n<h3 style=\"text-align: center;\"><a href=\"https:\/\/visitvatnajokull.is\/is\/ferd\/flaajokull\/\">Fl\u00e1aj\u00f6kull<\/a><\/h3>\n<h5 style=\"text-align: center;\">\u00cd r\u00edki j\u00f6kla<\/h5>\n<p>Hringlei\u00f0ar eru sjaldg\u00e6far \u00ed Sveitarf\u00e9laginu Hornafir\u00f0i. Hringlei\u00f0in sem h\u00e9r er l\u00fdst ver\u00f0ur eing\u00f6ngu farin fyrir eigin v\u00f6\u00f0vaafli. \u00dea\u00f0 helgast af \u00fev\u00ed a\u00f0 \u00e1 t\u00e6plega tveggja k\u00edl\u00f3metra kafla liggur h\u00fan um st\u00edg sem eing\u00f6ngu er \u00e6tla\u00f0ur gangandi f\u00f3lki. Hj\u00f3lrei\u00f0af\u00f3lk f\u00e6r a\u00f0 fara \u00feennan hluta g\u00f6ngulei\u00f0arinnar svo a\u00f0 loka megi hringnum. \u00c1 nokkur hundru\u00f0 metra kafla er sl\u00f3\u00f0in svo gr\u00fdtt a\u00f0 bera \u00fearf hj\u00f3lin. Restina af g\u00f6ngulei\u00f0inni m\u00e1 hj\u00f3la s\u00e9 \u00feess g\u00e6tt a\u00f0 halda sig eing\u00f6ngu \u00e1 st\u00edgnum og valda g\u00f6nguf\u00f3lki ekki \u00f3\u00fe\u00e6gindum. Au\u00f0velt er a\u00f0 spilla landi og gr\u00f3\u00f0ri \u00fearna og \u00fea\u00f0 m\u00e1 ekki gerast. Lei\u00f0in liggur \u00e1fram til su\u00f0vesturs eftir akf\u00e6rum vegi ofan \u00e1 st\u00edflumannvirki. S\u00e1 vegur er fremur gr\u00f3fur. Meira um lei\u00f0 \u00ed r\u00edki j\u00f6kla <a href=\"https:\/\/visitvatnajokull.is\/is\/ferd\/flaajokull\/\"><strong>h\u00e9r.<\/strong><\/a><\/p>\n<div id=\"attachment_218310\" style=\"width: 690px\" class=\"wp-caption aligncenter\"><img loading=\"lazy\" decoding=\"async\" aria-describedby=\"caption-attachment-218310\" class=\"wp-image-218310 size-large\" src=\"https:\/\/visitvatnajokull.is\/wp-content\/uploads\/2020\/07\/large-Fl\u00e1aj\u00f6kull-loftmynd-\u00deorvar\u00f0ur-\u00c1rnason-60-1024x681.jpg\" alt=\"\" width=\"680\" height=\"452\" srcset=\"https:\/\/visitvatnajokull.is\/wp-content\/uploads\/2020\/07\/large-Fl\u00e1aj\u00f6kull-loftmynd-\u00deorvar\u00f0ur-\u00c1rnason-60-1024x681.jpg 1024w, https:\/\/visitvatnajokull.is\/wp-content\/uploads\/2020\/07\/large-Fl\u00e1aj\u00f6kull-loftmynd-\u00deorvar\u00f0ur-\u00c1rnason-60-300x200.jpg 300w, https:\/\/visitvatnajokull.is\/wp-content\/uploads\/2020\/07\/large-Fl\u00e1aj\u00f6kull-loftmynd-\u00deorvar\u00f0ur-\u00c1rnason-60-768x511.jpg 768w, https:\/\/visitvatnajokull.is\/wp-content\/uploads\/2020\/07\/large-Fl\u00e1aj\u00f6kull-loftmynd-\u00deorvar\u00f0ur-\u00c1rnason-60-1536x1021.jpg 1536w, https:\/\/visitvatnajokull.is\/wp-content\/uploads\/2020\/07\/large-Fl\u00e1aj\u00f6kull-loftmynd-\u00deorvar\u00f0ur-\u00c1rnason-60-1053x700.jpg 1053w, https:\/\/visitvatnajokull.is\/wp-content\/uploads\/2020\/07\/large-Fl\u00e1aj\u00f6kull-loftmynd-\u00deorvar\u00f0ur-\u00c1rnason-60-725x482.jpg 725w, https:\/\/visitvatnajokull.is\/wp-content\/uploads\/2020\/07\/large-Fl\u00e1aj\u00f6kull-loftmynd-\u00deorvar\u00f0ur-\u00c1rnason-60-645x429.jpg 645w, https:\/\/visitvatnajokull.is\/wp-content\/uploads\/2020\/07\/large-Fl\u00e1aj\u00f6kull-loftmynd-\u00deorvar\u00f0ur-\u00c1rnason-60-1433x953.jpg 1433w, https:\/\/visitvatnajokull.is\/wp-content\/uploads\/2020\/07\/large-Fl\u00e1aj\u00f6kull-loftmynd-\u00deorvar\u00f0ur-\u00c1rnason-60.jpg 1600w\" sizes=\"auto, (max-width: 680px) 100vw, 680px\" \/><p id=\"caption-attachment-218310\" class=\"wp-caption-text\">Mynd: \u00deorvar\u00f0ur \u00c1rnason<\/p><\/div>\n<h3 style=\"text-align: center;\"><a href=\"https:\/\/visitvatnajokull.is\/is\/ferd\/lonsheidi\/\">L\u00f3nshei\u00f0i<\/a><\/h3>\n<h5 style=\"text-align: center;\">F\u00e1menni \u00e1 fjalli og fj\u00f6lmenni \u00ed skri\u00f0um<\/h5>\n<p>\u00deetta er ein \u00feeirra hringlei\u00f0a \u00fear sem m\u00e6lt er me\u00f0 \u00fev\u00ed a\u00f0 fara annan hringinn fremur en hinn. \u00deennan er betra a\u00f0 hj\u00f3la r\u00e9tts\u00e6lis. \u00c1st\u00e6\u00f0an er \u00feessi: Gamla alfaralei\u00f0in yfir L\u00f3nshei\u00f0i er or\u00f0in a\u00f0 sundurgrafinni og gr\u00fdttri sl\u00f3\u00f0. Vestustu 3 km. eru 12% brattir. \u00dea\u00f0 er of miki\u00f0 til a\u00f0 venjulegt f\u00f3lk geti noti\u00f0 \u00feess a\u00f0 renna \u00fear ni\u00f0ur \u00ed lausu grj\u00f3tinu. \u00dea\u00f0 er beinl\u00ednis h\u00e6ttulegt. h\u00f6fundur f\u00f3r \u00fe\u00e1 lei\u00f0 a\u00f0 ganga me\u00f0 hj\u00f3li s\u00ednu upp \u00e1 efstu bungu og renna s\u00e9r svo ni\u00f0ur hinumegin, \u00fear sem a\u00f0 brattinn er minni og undirlagi\u00f0 fastara \u00ed s\u00e9r. Lj\u00f3mandi skemmtun ef g\u00e6tilega er fari\u00f0, svig framhj\u00e1 \u00farrennslum og grj\u00f3thnullungum innifali\u00f0. Meira um \u00feessu f\u00e1mennu og fallegu lei\u00f0 <a href=\"https:\/\/visitvatnajokull.is\/is\/ferd\/lonsheidi\/\"><strong>h\u00e9r.<\/strong><\/a><\/p>\n<div id=\"attachment_218318\" style=\"width: 690px\" class=\"wp-caption aligncenter\"><img loading=\"lazy\" decoding=\"async\" aria-describedby=\"caption-attachment-218318\" class=\"wp-image-218318 size-large\" src=\"https:\/\/visitvatnajokull.is\/wp-content\/uploads\/2020\/07\/large-L\u00f3n-Illikambur-\u00deorvar\u00f0ur-\u00c1rnason-16-1024x680.jpg\" alt=\"\" width=\"680\" height=\"452\" srcset=\"https:\/\/visitvatnajokull.is\/wp-content\/uploads\/2020\/07\/large-L\u00f3n-Illikambur-\u00deorvar\u00f0ur-\u00c1rnason-16-1024x680.jpg 1024w, https:\/\/visitvatnajokull.is\/wp-content\/uploads\/2020\/07\/large-L\u00f3n-Illikambur-\u00deorvar\u00f0ur-\u00c1rnason-16-300x199.jpg 300w, https:\/\/visitvatnajokull.is\/wp-content\/uploads\/2020\/07\/large-L\u00f3n-Illikambur-\u00deorvar\u00f0ur-\u00c1rnason-16-768x510.jpg 768w, https:\/\/visitvatnajokull.is\/wp-content\/uploads\/2020\/07\/large-L\u00f3n-Illikambur-\u00deorvar\u00f0ur-\u00c1rnason-16-1536x1020.jpg 1536w, https:\/\/visitvatnajokull.is\/wp-content\/uploads\/2020\/07\/large-L\u00f3n-Illikambur-\u00deorvar\u00f0ur-\u00c1rnason-16-1054x700.jpg 1054w, https:\/\/visitvatnajokull.is\/wp-content\/uploads\/2020\/07\/large-L\u00f3n-Illikambur-\u00deorvar\u00f0ur-\u00c1rnason-16-725x482.jpg 725w, https:\/\/visitvatnajokull.is\/wp-content\/uploads\/2020\/07\/large-L\u00f3n-Illikambur-\u00deorvar\u00f0ur-\u00c1rnason-16-645x429.jpg 645w, https:\/\/visitvatnajokull.is\/wp-content\/uploads\/2020\/07\/large-L\u00f3n-Illikambur-\u00deorvar\u00f0ur-\u00c1rnason-16-1433x952.jpg 1433w, https:\/\/visitvatnajokull.is\/wp-content\/uploads\/2020\/07\/large-L\u00f3n-Illikambur-\u00deorvar\u00f0ur-\u00c1rnason-16.jpg 1600w\" sizes=\"auto, (max-width: 680px) 100vw, 680px\" \/><p id=\"caption-attachment-218318\" class=\"wp-caption-text\">Mynd: \u00deorvar\u00f0ur \u00c1rnason<\/p><\/div>\n<p>&nbsp;<\/p>\n<h5>Hj\u00f3lab\u00f3kin 6. b\u00f3k: Skaftafellss\u00fdslur eftir \u00d3mar Sm\u00e1ri Kristj\u00e1nsson<\/h5>\n","protected":false},"excerpt":{"rendered":"<p>Hj\u00f3lab\u00f3kin 6. b\u00f3k: Skaftafellss\u00fdslur eftir \u00d3mar Sm\u00e1ra Kristinsson sem kom \u00fat \u00e1ri\u00f0 2019. \u00cd b\u00f3kinni fer \u00d3mar hj\u00f3landi um Skaftafellss\u00fdslur; sem \u00ed skiptist upp \u00ed M\u00fdrdalshreppur, Skaft\u00e1rhreppur og Sveitarf\u00e9lagi\u00f0 Hornafj\u00f6r\u00f0ur. Viltu sj\u00e1 hva\u00f0 er fyrir utan \u00fej\u00f3\u00f0veg nr.1? Viltu komast \u00far fj\u00f6lmenninu? En viltu samt sem \u00e1\u00f0ur nj\u00f3ta fegur\u00f0ar og hrikaleika \u00edslenskrar n\u00e1tt\u00faru? H\u00e9r er&#8230;<\/p>\n","protected":false},"author":7,"featured_media":217393,"comment_status":"open","ping_status":"closed","sticky":false,"template":"","format":"standard","meta":{"_acf_changed":false,"_jetpack_memberships_contains_paid_content":false,"wds_primary_category":0,"footnotes":""},"categories":[280,181,182,183],"tags":[],"class_list":["post-218286","post","type-post","status-publish","format-standard","has-post-thumbnail","hentry","category-hjolreidar","category-nattura","category-skodunarferdir","category-hugmyndir"],"acf":[],"yoast_head":"<!-- This site is optimized with the Yoast SEO plugin v27.4 - https:\/\/yoast.com\/product\/yoast-seo-wordpress\/ -->\n<title>Hj\u00f3lalei\u00f0ir \u00ed r\u00edki Vatnaj\u00f6kuls - Visit Vatnaj\u00f6kull<\/title>\n<meta name=\"robots\" content=\"index, follow, max-snippet:-1, max-image-preview:large, max-video-preview:-1\" \/>\n<link rel=\"canonical\" href=\"https:\/\/visitvatnajokull.is\/is\/hjolaleidir-i-riki-vatnajokuls\/\" \/>\n<meta property=\"og:locale\" content=\"is_IS\" \/>\n<meta property=\"og:type\" content=\"article\" \/>\n<meta property=\"og:title\" content=\"Hj\u00f3lalei\u00f0ir \u00ed r\u00edki Vatnaj\u00f6kuls - Visit Vatnaj\u00f6kull\" \/>\n<meta property=\"og:description\" content=\"Hj\u00f3lab\u00f3kin 6. b\u00f3k: Skaftafellss\u00fdslur eftir \u00d3mar Sm\u00e1ra Kristinsson sem kom \u00fat \u00e1ri\u00f0 2019. \u00cd b\u00f3kinni fer \u00d3mar hj\u00f3landi um Skaftafellss\u00fdslur; sem \u00ed skiptist upp \u00ed M\u00fdrdalshreppur, Skaft\u00e1rhreppur og Sveitarf\u00e9lagi\u00f0 Hornafj\u00f6r\u00f0ur. Viltu sj\u00e1 hva\u00f0 er fyrir utan \u00fej\u00f3\u00f0veg nr.1? Viltu komast \u00far fj\u00f6lmenninu? En viltu samt sem \u00e1\u00f0ur nj\u00f3ta fegur\u00f0ar og hrikaleika \u00edslenskrar n\u00e1tt\u00faru? H\u00e9r er...\" \/>\n<meta property=\"og:url\" content=\"https:\/\/visitvatnajokull.is\/is\/hjolaleidir-i-riki-vatnajokuls\/\" \/>\n<meta property=\"og:site_name\" content=\"Visit Vatnaj\u00f6kull\" \/>\n<meta property=\"article:publisher\" content=\"https:\/\/www.facebook.com\/visitvatnajokull.is\/\" \/>\n<meta property=\"article:published_time\" content=\"2020-07-13T14:21:23+00:00\" \/>\n<meta property=\"article:modified_time\" content=\"2020-07-13T16:03:21+00:00\" \/>\n<meta property=\"og:image\" content=\"https:\/\/visitvatnajokull.is\/wp-content\/uploads\/2020\/06\/sumar3-scaled.jpg\" \/>\n\t<meta property=\"og:image:width\" content=\"2048\" \/>\n\t<meta property=\"og:image:height\" content=\"1365\" \/>\n\t<meta property=\"og:image:type\" content=\"image\/jpeg\" \/>\n<meta name=\"author\" content=\"\u00c1rd\u00eds Erna Halld\u00f3rsd\u00f3ttir\" \/>\n<meta name=\"twitter:card\" content=\"summary_large_image\" \/>\n<meta name=\"twitter:creator\" content=\"@vatnajokull_reg\" \/>\n<meta name=\"twitter:site\" content=\"@vatnajokull_reg\" \/>\n<meta name=\"twitter:label1\" content=\"Written by\" \/>\n\t<meta name=\"twitter:data1\" content=\"\u00c1rd\u00eds Erna Halld\u00f3rsd\u00f3ttir\" \/>\n\t<meta name=\"twitter:label2\" content=\"Est. reading time\" \/>\n\t<meta name=\"twitter:data2\" content=\"3 minutes\" \/>\n<script type=\"application\/ld+json\" class=\"yoast-schema-graph\">{\"@context\":\"https:\\\/\\\/schema.org\",\"@graph\":[{\"@type\":\"Article\",\"@id\":\"https:\\\/\\\/visitvatnajokull.is\\\/is\\\/hjolaleidir-i-riki-vatnajokuls\\\/#article\",\"isPartOf\":{\"@id\":\"https:\\\/\\\/visitvatnajokull.is\\\/is\\\/hjolaleidir-i-riki-vatnajokuls\\\/\"},\"author\":{\"name\":\"\u00c1rd\u00eds Erna Halld\u00f3rsd\u00f3ttir\",\"@id\":\"https:\\\/\\\/visitvatnajokull.is\\\/#\\\/schema\\\/person\\\/d8a89fcb60fbbcf94f15e6fdb68f00db\"},\"headline\":\"Hj\u00f3lalei\u00f0ir \u00ed r\u00edki Vatnaj\u00f6kuls\",\"datePublished\":\"2020-07-13T14:21:23+00:00\",\"dateModified\":\"2020-07-13T16:03:21+00:00\",\"mainEntityOfPage\":{\"@id\":\"https:\\\/\\\/visitvatnajokull.is\\\/is\\\/hjolaleidir-i-riki-vatnajokuls\\\/\"},\"wordCount\":605,\"commentCount\":0,\"image\":{\"@id\":\"https:\\\/\\\/visitvatnajokull.is\\\/is\\\/hjolaleidir-i-riki-vatnajokuls\\\/#primaryimage\"},\"thumbnailUrl\":\"https:\\\/\\\/visitvatnajokull.is\\\/wp-content\\\/uploads\\\/2020\\\/06\\\/sumar3-scaled.jpg\",\"articleSection\":[\"Hj\u00f3lrei\u00f0ar\",\"N\u00e1tt\u00fara\",\"Sko\u00f0unarfer\u00f0ir\",\"Hugmyndir\"],\"inLanguage\":\"is\",\"potentialAction\":[{\"@type\":\"CommentAction\",\"name\":\"Comment\",\"target\":[\"https:\\\/\\\/visitvatnajokull.is\\\/is\\\/hjolaleidir-i-riki-vatnajokuls\\\/#respond\"]}]},{\"@type\":\"WebPage\",\"@id\":\"https:\\\/\\\/visitvatnajokull.is\\\/is\\\/hjolaleidir-i-riki-vatnajokuls\\\/\",\"url\":\"https:\\\/\\\/visitvatnajokull.is\\\/is\\\/hjolaleidir-i-riki-vatnajokuls\\\/\",\"name\":\"Hj\u00f3lalei\u00f0ir \u00ed r\u00edki Vatnaj\u00f6kuls - Visit Vatnaj\u00f6kull\",\"isPartOf\":{\"@id\":\"https:\\\/\\\/visitvatnajokull.is\\\/#website\"},\"primaryImageOfPage\":{\"@id\":\"https:\\\/\\\/visitvatnajokull.is\\\/is\\\/hjolaleidir-i-riki-vatnajokuls\\\/#primaryimage\"},\"image\":{\"@id\":\"https:\\\/\\\/visitvatnajokull.is\\\/is\\\/hjolaleidir-i-riki-vatnajokuls\\\/#primaryimage\"},\"thumbnailUrl\":\"https:\\\/\\\/visitvatnajokull.is\\\/wp-content\\\/uploads\\\/2020\\\/06\\\/sumar3-scaled.jpg\",\"datePublished\":\"2020-07-13T14:21:23+00:00\",\"dateModified\":\"2020-07-13T16:03:21+00:00\",\"author\":{\"@id\":\"https:\\\/\\\/visitvatnajokull.is\\\/#\\\/schema\\\/person\\\/d8a89fcb60fbbcf94f15e6fdb68f00db\"},\"breadcrumb\":{\"@id\":\"https:\\\/\\\/visitvatnajokull.is\\\/is\\\/hjolaleidir-i-riki-vatnajokuls\\\/#breadcrumb\"},\"inLanguage\":\"is\",\"potentialAction\":[{\"@type\":\"ReadAction\",\"target\":[\"https:\\\/\\\/visitvatnajokull.is\\\/is\\\/hjolaleidir-i-riki-vatnajokuls\\\/\"]}]},{\"@type\":\"ImageObject\",\"inLanguage\":\"is\",\"@id\":\"https:\\\/\\\/visitvatnajokull.is\\\/is\\\/hjolaleidir-i-riki-vatnajokuls\\\/#primaryimage\",\"url\":\"https:\\\/\\\/visitvatnajokull.is\\\/wp-content\\\/uploads\\\/2020\\\/06\\\/sumar3-scaled.jpg\",\"contentUrl\":\"https:\\\/\\\/visitvatnajokull.is\\\/wp-content\\\/uploads\\\/2020\\\/06\\\/sumar3-scaled.jpg\",\"width\":2048,\"height\":1365},{\"@type\":\"BreadcrumbList\",\"@id\":\"https:\\\/\\\/visitvatnajokull.is\\\/is\\\/hjolaleidir-i-riki-vatnajokuls\\\/#breadcrumb\",\"itemListElement\":[{\"@type\":\"ListItem\",\"position\":1,\"name\":\"Home\",\"item\":\"https:\\\/\\\/visitvatnajokull.is\\\/is\\\/\"},{\"@type\":\"ListItem\",\"position\":2,\"name\":\"Hj\u00f3lalei\u00f0ir \u00ed r\u00edki Vatnaj\u00f6kuls\"}]},{\"@type\":\"WebSite\",\"@id\":\"https:\\\/\\\/visitvatnajokull.is\\\/#website\",\"url\":\"https:\\\/\\\/visitvatnajokull.is\\\/\",\"name\":\"Visit Vatnaj\u00f6kull\",\"description\":\"Visit Vatnaj\u00f6kull and explore all that the region has to offer\",\"potentialAction\":[{\"@type\":\"SearchAction\",\"target\":{\"@type\":\"EntryPoint\",\"urlTemplate\":\"https:\\\/\\\/visitvatnajokull.is\\\/?s={search_term_string}\"},\"query-input\":{\"@type\":\"PropertyValueSpecification\",\"valueRequired\":true,\"valueName\":\"search_term_string\"}}],\"inLanguage\":\"is\"},{\"@type\":\"Person\",\"@id\":\"https:\\\/\\\/visitvatnajokull.is\\\/#\\\/schema\\\/person\\\/d8a89fcb60fbbcf94f15e6fdb68f00db\",\"name\":\"\u00c1rd\u00eds Erna Halld\u00f3rsd\u00f3ttir\",\"image\":{\"@type\":\"ImageObject\",\"inLanguage\":\"is\",\"@id\":\"https:\\\/\\\/visitvatnajokull.is\\\/wp-content\\\/wphb-cache\\\/gravatar\\\/154\\\/15474551785c0dbe93b8daacdeb91d23x96.jpg\",\"url\":\"https:\\\/\\\/visitvatnajokull.is\\\/wp-content\\\/wphb-cache\\\/gravatar\\\/154\\\/15474551785c0dbe93b8daacdeb91d23x96.jpg\",\"contentUrl\":\"https:\\\/\\\/visitvatnajokull.is\\\/wp-content\\\/wphb-cache\\\/gravatar\\\/154\\\/15474551785c0dbe93b8daacdeb91d23x96.jpg\",\"caption\":\"\u00c1rd\u00eds Erna Halld\u00f3rsd\u00f3ttir\"},\"url\":\"https:\\\/\\\/visitvatnajokull.is\\\/is\\\/author\\\/ardis\\\/\"}]}<\/script>\n<!-- \/ Yoast SEO plugin. -->","yoast_head_json":{"title":"Hj\u00f3lalei\u00f0ir \u00ed r\u00edki Vatnaj\u00f6kuls - Visit Vatnaj\u00f6kull","robots":{"index":"index","follow":"follow","max-snippet":"max-snippet:-1","max-image-preview":"max-image-preview:large","max-video-preview":"max-video-preview:-1"},"canonical":"https:\/\/visitvatnajokull.is\/is\/hjolaleidir-i-riki-vatnajokuls\/","og_locale":"is_IS","og_type":"article","og_title":"Hj\u00f3lalei\u00f0ir \u00ed r\u00edki Vatnaj\u00f6kuls - Visit Vatnaj\u00f6kull","og_description":"Hj\u00f3lab\u00f3kin 6. b\u00f3k: Skaftafellss\u00fdslur eftir \u00d3mar Sm\u00e1ra Kristinsson sem kom \u00fat \u00e1ri\u00f0 2019. \u00cd b\u00f3kinni fer \u00d3mar hj\u00f3landi um Skaftafellss\u00fdslur; sem \u00ed skiptist upp \u00ed M\u00fdrdalshreppur, Skaft\u00e1rhreppur og Sveitarf\u00e9lagi\u00f0 Hornafj\u00f6r\u00f0ur. Viltu sj\u00e1 hva\u00f0 er fyrir utan \u00fej\u00f3\u00f0veg nr.1? Viltu komast \u00far fj\u00f6lmenninu? En viltu samt sem \u00e1\u00f0ur nj\u00f3ta fegur\u00f0ar og hrikaleika \u00edslenskrar n\u00e1tt\u00faru? H\u00e9r er...","og_url":"https:\/\/visitvatnajokull.is\/is\/hjolaleidir-i-riki-vatnajokuls\/","og_site_name":"Visit Vatnaj\u00f6kull","article_publisher":"https:\/\/www.facebook.com\/visitvatnajokull.is\/","article_published_time":"2020-07-13T14:21:23+00:00","article_modified_time":"2020-07-13T16:03:21+00:00","og_image":[{"width":2048,"height":1365,"url":"https:\/\/visitvatnajokull.is\/wp-content\/uploads\/2020\/06\/sumar3-scaled.jpg","type":"image\/jpeg"}],"author":"\u00c1rd\u00eds Erna Halld\u00f3rsd\u00f3ttir","twitter_card":"summary_large_image","twitter_creator":"@vatnajokull_reg","twitter_site":"@vatnajokull_reg","twitter_misc":{"Written by":"\u00c1rd\u00eds Erna Halld\u00f3rsd\u00f3ttir","Est. reading time":"3 minutes"},"schema":{"@context":"https:\/\/schema.org","@graph":[{"@type":"Article","@id":"https:\/\/visitvatnajokull.is\/is\/hjolaleidir-i-riki-vatnajokuls\/#article","isPartOf":{"@id":"https:\/\/visitvatnajokull.is\/is\/hjolaleidir-i-riki-vatnajokuls\/"},"author":{"name":"\u00c1rd\u00eds Erna Halld\u00f3rsd\u00f3ttir","@id":"https:\/\/visitvatnajokull.is\/#\/schema\/person\/d8a89fcb60fbbcf94f15e6fdb68f00db"},"headline":"Hj\u00f3lalei\u00f0ir \u00ed r\u00edki Vatnaj\u00f6kuls","datePublished":"2020-07-13T14:21:23+00:00","dateModified":"2020-07-13T16:03:21+00:00","mainEntityOfPage":{"@id":"https:\/\/visitvatnajokull.is\/is\/hjolaleidir-i-riki-vatnajokuls\/"},"wordCount":605,"commentCount":0,"image":{"@id":"https:\/\/visitvatnajokull.is\/is\/hjolaleidir-i-riki-vatnajokuls\/#primaryimage"},"thumbnailUrl":"https:\/\/visitvatnajokull.is\/wp-content\/uploads\/2020\/06\/sumar3-scaled.jpg","articleSection":["Hj\u00f3lrei\u00f0ar","N\u00e1tt\u00fara","Sko\u00f0unarfer\u00f0ir","Hugmyndir"],"inLanguage":"is","potentialAction":[{"@type":"CommentAction","name":"Comment","target":["https:\/\/visitvatnajokull.is\/is\/hjolaleidir-i-riki-vatnajokuls\/#respond"]}]},{"@type":"WebPage","@id":"https:\/\/visitvatnajokull.is\/is\/hjolaleidir-i-riki-vatnajokuls\/","url":"https:\/\/visitvatnajokull.is\/is\/hjolaleidir-i-riki-vatnajokuls\/","name":"Hj\u00f3lalei\u00f0ir \u00ed r\u00edki Vatnaj\u00f6kuls - Visit Vatnaj\u00f6kull","isPartOf":{"@id":"https:\/\/visitvatnajokull.is\/#website"},"primaryImageOfPage":{"@id":"https:\/\/visitvatnajokull.is\/is\/hjolaleidir-i-riki-vatnajokuls\/#primaryimage"},"image":{"@id":"https:\/\/visitvatnajokull.is\/is\/hjolaleidir-i-riki-vatnajokuls\/#primaryimage"},"thumbnailUrl":"https:\/\/visitvatnajokull.is\/wp-content\/uploads\/2020\/06\/sumar3-scaled.jpg","datePublished":"2020-07-13T14:21:23+00:00","dateModified":"2020-07-13T16:03:21+00:00","author":{"@id":"https:\/\/visitvatnajokull.is\/#\/schema\/person\/d8a89fcb60fbbcf94f15e6fdb68f00db"},"breadcrumb":{"@id":"https:\/\/visitvatnajokull.is\/is\/hjolaleidir-i-riki-vatnajokuls\/#breadcrumb"},"inLanguage":"is","potentialAction":[{"@type":"ReadAction","target":["https:\/\/visitvatnajokull.is\/is\/hjolaleidir-i-riki-vatnajokuls\/"]}]},{"@type":"ImageObject","inLanguage":"is","@id":"https:\/\/visitvatnajokull.is\/is\/hjolaleidir-i-riki-vatnajokuls\/#primaryimage","url":"https:\/\/visitvatnajokull.is\/wp-content\/uploads\/2020\/06\/sumar3-scaled.jpg","contentUrl":"https:\/\/visitvatnajokull.is\/wp-content\/uploads\/2020\/06\/sumar3-scaled.jpg","width":2048,"height":1365},{"@type":"BreadcrumbList","@id":"https:\/\/visitvatnajokull.is\/is\/hjolaleidir-i-riki-vatnajokuls\/#breadcrumb","itemListElement":[{"@type":"ListItem","position":1,"name":"Home","item":"https:\/\/visitvatnajokull.is\/is\/"},{"@type":"ListItem","position":2,"name":"Hj\u00f3lalei\u00f0ir \u00ed r\u00edki Vatnaj\u00f6kuls"}]},{"@type":"WebSite","@id":"https:\/\/visitvatnajokull.is\/#website","url":"https:\/\/visitvatnajokull.is\/","name":"Visit Vatnaj\u00f6kull","description":"Visit Vatnaj\u00f6kull and explore all that the region has to offer","potentialAction":[{"@type":"SearchAction","target":{"@type":"EntryPoint","urlTemplate":"https:\/\/visitvatnajokull.is\/?s={search_term_string}"},"query-input":{"@type":"PropertyValueSpecification","valueRequired":true,"valueName":"search_term_string"}}],"inLanguage":"is"},{"@type":"Person","@id":"https:\/\/visitvatnajokull.is\/#\/schema\/person\/d8a89fcb60fbbcf94f15e6fdb68f00db","name":"\u00c1rd\u00eds Erna Halld\u00f3rsd\u00f3ttir","image":{"@type":"ImageObject","inLanguage":"is","@id":"https:\/\/visitvatnajokull.is\/wp-content\/wphb-cache\/gravatar\/154\/15474551785c0dbe93b8daacdeb91d23x96.jpg","url":"https:\/\/visitvatnajokull.is\/wp-content\/wphb-cache\/gravatar\/154\/15474551785c0dbe93b8daacdeb91d23x96.jpg","contentUrl":"https:\/\/visitvatnajokull.is\/wp-content\/wphb-cache\/gravatar\/154\/15474551785c0dbe93b8daacdeb91d23x96.jpg","caption":"\u00c1rd\u00eds Erna Halld\u00f3rsd\u00f3ttir"},"url":"https:\/\/visitvatnajokull.is\/is\/author\/ardis\/"}]}},"jetpack_featured_media_url":"https:\/\/visitvatnajokull.is\/wp-content\/uploads\/2020\/06\/sumar3-scaled.jpg","jetpack_sharing_enabled":true,"_links":{"self":[{"href":"https:\/\/visitvatnajokull.is\/is\/wp-json\/wp\/v2\/posts\/218286","targetHints":{"allow":["GET"]}}],"collection":[{"href":"https:\/\/visitvatnajokull.is\/is\/wp-json\/wp\/v2\/posts"}],"about":[{"href":"https:\/\/visitvatnajokull.is\/is\/wp-json\/wp\/v2\/types\/post"}],"author":[{"embeddable":true,"href":"https:\/\/visitvatnajokull.is\/is\/wp-json\/wp\/v2\/users\/7"}],"replies":[{"embeddable":true,"href":"https:\/\/visitvatnajokull.is\/is\/wp-json\/wp\/v2\/comments?post=218286"}],"version-history":[{"count":0,"href":"https:\/\/visitvatnajokull.is\/is\/wp-json\/wp\/v2\/posts\/218286\/revisions"}],"wp:featuredmedia":[{"embeddable":true,"href":"https:\/\/visitvatnajokull.is\/is\/wp-json\/wp\/v2\/media\/217393"}],"wp:attachment":[{"href":"https:\/\/visitvatnajokull.is\/is\/wp-json\/wp\/v2\/media?parent=218286"}],"wp:term":[{"taxonomy":"category","embeddable":true,"href":"https:\/\/visitvatnajokull.is\/is\/wp-json\/wp\/v2\/categories?post=218286"},{"taxonomy":"post_tag","embeddable":true,"href":"https:\/\/visitvatnajokull.is\/is\/wp-json\/wp\/v2\/tags?post=218286"}],"curies":[{"name":"wp","href":"https:\/\/api.w.org\/{rel}","templated":true}]}}