{"id":218441,"date":"2020-07-17T11:03:26","date_gmt":"2020-07-17T11:03:26","guid":{"rendered":"https:\/\/visitvatnajokull.is\/?p=218441"},"modified":"2020-07-17T11:03:26","modified_gmt":"2020-07-17T11:03:26","slug":"yndis-aevintyr-e-slow-travel-i-riki-vatnajokuls","status":"publish","type":"post","link":"https:\/\/visitvatnajokull.is\/is\/yndis-aevintyr-e-slow-travel-i-riki-vatnajokuls\/","title":{"rendered":"Yndis-\u00e6vint\u00fdr (e. Slow travel) \u00ed R\u00edki Vatnaj\u00f6kuls"},"content":{"rendered":"<p><iframe loading=\"lazy\" src=\"https:\/\/www.youtube.com\/embed\/taGXHd_ns_0\" width=\"100%\" height=\"315\" frameborder=\"0\" allowfullscreen=\"allowfullscreen\"><span data-mce-type=\"bookmark\" style=\"display: inline-block; width: 0px; overflow: hidden; line-height: 0;\" class=\"mce_SELRES_start\">\ufeff<\/span><\/iframe><\/p>\n<h4 style=\"text-align: left;\"><strong>T\u00edmi til a\u00f0 nj\u00f3ta!<\/strong><\/h4>\n<p>Nj\u00f3ttu \u00fe\u00edn \u00ed r\u00f3legri g\u00f6ngufer\u00f0 \u00e1 Vatnaj\u00f6kli og hlusta\u00f0u \u00e1 s\u00f6gur um n\u00e1tt\u00faruna \u00e1 sv\u00e6\u00f0inu \u00ed gegnum t\u00ed\u00f0ina. \u00dea\u00f0 er d\u00e1samlegt a\u00f0 f\u00e1 s\u00e9r heitt kak\u00f3 gert \u00far m\u00f6rg\u00fe\u00fasund \u00e1ra \u00eds.<br \/>\nUpplif\u00f0u menninguna og s\u00f6gu Su\u00f0-austurlands me\u00f0 reyndum lei\u00f0s\u00f6gum\u00f6nnum, nj\u00f3ttu n\u00e1tt\u00farunnar \u00e1 me\u00f0an s\u00fapa er hitu\u00f0 yfir eldi. A\u00f0 taka s\u00e9r t\u00edma \u00ed n\u00e1tt\u00farunni og n\u00fdta t\u00e6kif\u00e6ri\u00f0 til a\u00f0 upplifa hana \u00e1 r\u00f3legann, fr\u00e6\u00f0andi h\u00e1tt \u00e1n truflunar.<\/p>\n<div id=\"attachment_217532\" style=\"width: 690px\" class=\"wp-caption aligncenter\"><img loading=\"lazy\" decoding=\"async\" aria-describedby=\"caption-attachment-217532\" class=\"wp-image-217532 size-large\" src=\"https:\/\/visitvatnajokull.is\/wp-content\/uploads\/2020\/06\/j\u00f6klagangaGAdv-1024x768.jpg\" alt=\"\" width=\"680\" height=\"510\" srcset=\"https:\/\/visitvatnajokull.is\/wp-content\/uploads\/2020\/06\/j\u00f6klagangaGAdv-1024x768.jpg 1024w, https:\/\/visitvatnajokull.is\/wp-content\/uploads\/2020\/06\/j\u00f6klagangaGAdv-300x225.jpg 300w, https:\/\/visitvatnajokull.is\/wp-content\/uploads\/2020\/06\/j\u00f6klagangaGAdv-768x576.jpg 768w, https:\/\/visitvatnajokull.is\/wp-content\/uploads\/2020\/06\/j\u00f6klagangaGAdv-1536x1152.jpg 1536w, https:\/\/visitvatnajokull.is\/wp-content\/uploads\/2020\/06\/j\u00f6klagangaGAdv-scaled.jpg 2048w, https:\/\/visitvatnajokull.is\/wp-content\/uploads\/2020\/06\/j\u00f6klagangaGAdv-933x700.jpg 933w, https:\/\/visitvatnajokull.is\/wp-content\/uploads\/2020\/06\/j\u00f6klagangaGAdv-643x482.jpg 643w, https:\/\/visitvatnajokull.is\/wp-content\/uploads\/2020\/06\/j\u00f6klagangaGAdv-645x484.jpg 645w, https:\/\/visitvatnajokull.is\/wp-content\/uploads\/2020\/06\/j\u00f6klagangaGAdv-1433x1075.jpg 1433w, https:\/\/visitvatnajokull.is\/wp-content\/uploads\/2020\/06\/j\u00f6klagangaGAdv-800x600.jpg 800w\" sizes=\"auto, (max-width: 680px) 100vw, 680px\" \/><p id=\"caption-attachment-217532\" class=\"wp-caption-text\">J\u00f6klaganga \u2013 Ladislav Sk\u00e1la<\/p><\/div>\n<p>Yndis-\u00e6vint\u00fdr (e. Slow travel) er tegund af \u00e1byrgum fer\u00f0ah\u00e6tti sem leggur \u00e1herslu \u00e1 \u00fativist, mat \u00far s\u00fdslunni, menningu f\u00f3lksins \u00e1 sta\u00f0num og er fr\u00e1b\u00e6r lei\u00f0 til a\u00f0 tengjast n\u00e1tt\u00farunni og upplifa hana \u00e1 annan h\u00e1tt, b\u00faa til \u00f3gleymanlegar minningar og gefa s\u00e9r t\u00edma til \u00feess. \u00cd dag eru 7 l\u00f6nd sem bj\u00f3\u00f0a upp \u00e1 svokalla\u00f0 <a href=\"http:\/\/www.slowadventure.org\"><strong>yndis-\u00e6vint\u00fdr \/ slow travel<\/strong><\/a> og er \u00cdsland eitt af \u00feeim.<\/p>\n<div id=\"attachment_218304\" style=\"width: 690px\" class=\"wp-caption aligncenter\"><img loading=\"lazy\" decoding=\"async\" aria-describedby=\"caption-attachment-218304\" class=\"wp-image-218304 size-large\" src=\"https:\/\/visitvatnajokull.is\/wp-content\/uploads\/2020\/07\/large-Fl\u00e1aj\u00f6kull-fjallganga-\u00deorvar\u00f0ur-\u00c1rnason-55-1024x673.jpg\" alt=\"\" width=\"680\" height=\"447\" srcset=\"https:\/\/visitvatnajokull.is\/wp-content\/uploads\/2020\/07\/large-Fl\u00e1aj\u00f6kull-fjallganga-\u00deorvar\u00f0ur-\u00c1rnason-55-1024x673.jpg 1024w, https:\/\/visitvatnajokull.is\/wp-content\/uploads\/2020\/07\/large-Fl\u00e1aj\u00f6kull-fjallganga-\u00deorvar\u00f0ur-\u00c1rnason-55-300x197.jpg 300w, https:\/\/visitvatnajokull.is\/wp-content\/uploads\/2020\/07\/large-Fl\u00e1aj\u00f6kull-fjallganga-\u00deorvar\u00f0ur-\u00c1rnason-55-768x505.jpg 768w, https:\/\/visitvatnajokull.is\/wp-content\/uploads\/2020\/07\/large-Fl\u00e1aj\u00f6kull-fjallganga-\u00deorvar\u00f0ur-\u00c1rnason-55-1536x1010.jpg 1536w, https:\/\/visitvatnajokull.is\/wp-content\/uploads\/2020\/07\/large-Fl\u00e1aj\u00f6kull-fjallganga-\u00deorvar\u00f0ur-\u00c1rnason-55-1065x700.jpg 1065w, https:\/\/visitvatnajokull.is\/wp-content\/uploads\/2020\/07\/large-Fl\u00e1aj\u00f6kull-fjallganga-\u00deorvar\u00f0ur-\u00c1rnason-55-733x482.jpg 733w, https:\/\/visitvatnajokull.is\/wp-content\/uploads\/2020\/07\/large-Fl\u00e1aj\u00f6kull-fjallganga-\u00deorvar\u00f0ur-\u00c1rnason-55-645x424.jpg 645w, https:\/\/visitvatnajokull.is\/wp-content\/uploads\/2020\/07\/large-Fl\u00e1aj\u00f6kull-fjallganga-\u00deorvar\u00f0ur-\u00c1rnason-55-1433x942.jpg 1433w, https:\/\/visitvatnajokull.is\/wp-content\/uploads\/2020\/07\/large-Fl\u00e1aj\u00f6kull-fjallganga-\u00deorvar\u00f0ur-\u00c1rnason-55.jpg 1600w\" sizes=\"auto, (max-width: 680px) 100vw, 680px\" \/><p id=\"caption-attachment-218304\" class=\"wp-caption-text\">Fjallganga &#8211; \u00deorvar\u00f0ur \u00c1rnason<\/p><\/div>\n<p>R\u00edki Vatnaj\u00f6kuls var fyrsta og eina sv\u00e6\u00f0i\u00f0 \u00e1 \u00cdslandi til a\u00f0 bj\u00f3\u00f0a upp \u00e1 \u00feessa upplifun. \u00c1 heimas\u00ed\u00f0u okkar finnur \u00fe\u00fa \u00fdmiskonar af\u00fereyingu sem felur \u00ed s\u00e9r yndis-\u00e6vint\u00fdr (slow travel), me\u00f0al annars er \u00ed bo\u00f0i a\u00f0 ganga \u00e1 j\u00f6kli, fara \u00ed \u00edshella, kajakfer\u00f0ir \u00e1 l\u00f3num, menningar- og matarupplifun innanb\u00e6jar \u00e1 H\u00f6fn, g\u00f6ngufer\u00f0ir innan b\u00e6jar og fleira.<br \/>\nFyrirt\u00e6ki sem bj\u00f3\u00f0a upp \u00e1 \u00feessa upplifun eru fj\u00f6lskyldurekin og me\u00f0 lei\u00f0s\u00f6gumenn \u00ed starfi sem hafa dj\u00fapa \u00feekkingu \u00e1 n\u00e1tt\u00faru og menningu sv\u00e6\u00f0isins.<\/p>\n<p>Ef \u00fe\u00fa \u00e1tt erfitt me\u00f0 tengingu vi\u00f0 n\u00e1tt\u00faruna og r\u00f3legheit \u00ed daglegu amstri er \u00feetta d\u00e1samleg lei\u00f0 til a\u00f0 endurn\u00fdja \u00feau tengsl, upplifa n\u00favitund og notalegheit.<\/p>\n<div id=\"attachment_217680\" style=\"width: 690px\" class=\"wp-caption aligncenter\"><img loading=\"lazy\" decoding=\"async\" aria-describedby=\"caption-attachment-217680\" class=\"wp-image-217680 size-large\" src=\"https:\/\/visitvatnajokull.is\/wp-content\/uploads\/2020\/06\/large-H\u00f6fn-h\u00f6fnin-b\u00e1tar-\u00deorvar\u00f0ur-\u00c1rnason-32-1024x679.jpg\" alt=\"\" width=\"680\" height=\"451\" srcset=\"https:\/\/visitvatnajokull.is\/wp-content\/uploads\/2020\/06\/large-H\u00f6fn-h\u00f6fnin-b\u00e1tar-\u00deorvar\u00f0ur-\u00c1rnason-32-1024x679.jpg 1024w, https:\/\/visitvatnajokull.is\/wp-content\/uploads\/2020\/06\/large-H\u00f6fn-h\u00f6fnin-b\u00e1tar-\u00deorvar\u00f0ur-\u00c1rnason-32-300x199.jpg 300w, https:\/\/visitvatnajokull.is\/wp-content\/uploads\/2020\/06\/large-H\u00f6fn-h\u00f6fnin-b\u00e1tar-\u00deorvar\u00f0ur-\u00c1rnason-32-768x509.jpg 768w, https:\/\/visitvatnajokull.is\/wp-content\/uploads\/2020\/06\/large-H\u00f6fn-h\u00f6fnin-b\u00e1tar-\u00deorvar\u00f0ur-\u00c1rnason-32-1536x1019.jpg 1536w, https:\/\/visitvatnajokull.is\/wp-content\/uploads\/2020\/06\/large-H\u00f6fn-h\u00f6fnin-b\u00e1tar-\u00deorvar\u00f0ur-\u00c1rnason-32-1056x700.jpg 1056w, https:\/\/visitvatnajokull.is\/wp-content\/uploads\/2020\/06\/large-H\u00f6fn-h\u00f6fnin-b\u00e1tar-\u00deorvar\u00f0ur-\u00c1rnason-32-727x482.jpg 727w, https:\/\/visitvatnajokull.is\/wp-content\/uploads\/2020\/06\/large-H\u00f6fn-h\u00f6fnin-b\u00e1tar-\u00deorvar\u00f0ur-\u00c1rnason-32-645x428.jpg 645w, https:\/\/visitvatnajokull.is\/wp-content\/uploads\/2020\/06\/large-H\u00f6fn-h\u00f6fnin-b\u00e1tar-\u00deorvar\u00f0ur-\u00c1rnason-32-1433x950.jpg 1433w, https:\/\/visitvatnajokull.is\/wp-content\/uploads\/2020\/06\/large-H\u00f6fn-h\u00f6fnin-b\u00e1tar-\u00deorvar\u00f0ur-\u00c1rnason-32.jpg 1600w\" sizes=\"auto, (max-width: 680px) 100vw, 680px\" \/><p id=\"caption-attachment-217680\" class=\"wp-caption-text\">H\u00f6fn &#8211; \u00deorvar\u00f0ur \u00c1rnason<\/p><\/div>\n","protected":false},"excerpt":{"rendered":"<p>\ufeff T\u00edmi til a\u00f0 nj\u00f3ta! Nj\u00f3ttu \u00fe\u00edn \u00ed r\u00f3legri g\u00f6ngufer\u00f0 \u00e1 Vatnaj\u00f6kli og hlusta\u00f0u \u00e1 s\u00f6gur um n\u00e1tt\u00faruna \u00e1 sv\u00e6\u00f0inu \u00ed gegnum t\u00ed\u00f0ina. \u00dea\u00f0 er d\u00e1samlegt a\u00f0 f\u00e1 s\u00e9r heitt kak\u00f3 gert \u00far m\u00f6rg\u00fe\u00fasund \u00e1ra \u00eds. Upplif\u00f0u menninguna og s\u00f6gu Su\u00f0-austurlands me\u00f0 reyndum lei\u00f0s\u00f6gum\u00f6nnum, nj\u00f3ttu n\u00e1tt\u00farunnar \u00e1 me\u00f0an s\u00fapa er hitu\u00f0 yfir eldi. A\u00f0 taka&#8230;<\/p>\n","protected":false},"author":7,"featured_media":217420,"comment_status":"open","ping_status":"closed","sticky":false,"template":"","format":"standard","meta":{"_acf_changed":false,"_jetpack_memberships_contains_paid_content":false,"wds_primary_category":0,"footnotes":""},"categories":[282,278,269,181],"tags":[],"class_list":["post-218441","post","type-post","status-publish","format-standard","has-post-thumbnail","hentry","category-yndis-aevintyr","category-hofn-2","category-matur","category-nattura"],"acf":[],"yoast_head":"<!-- This site is optimized with the Yoast SEO plugin v27.4 - https:\/\/yoast.com\/product\/yoast-seo-wordpress\/ -->\n<title>Yndis-\u00e6vint\u00fdr (e. Slow travel) \u00ed R\u00edki Vatnaj\u00f6kuls - Visit Vatnaj\u00f6kull<\/title>\n<meta name=\"robots\" content=\"index, follow, max-snippet:-1, max-image-preview:large, max-video-preview:-1\" \/>\n<link rel=\"canonical\" href=\"https:\/\/visitvatnajokull.is\/is\/yndis-aevintyr-e-slow-travel-i-riki-vatnajokuls\/\" \/>\n<meta property=\"og:locale\" content=\"is_IS\" \/>\n<meta property=\"og:type\" content=\"article\" \/>\n<meta property=\"og:title\" content=\"Yndis-\u00e6vint\u00fdr (e. Slow travel) \u00ed R\u00edki Vatnaj\u00f6kuls - Visit Vatnaj\u00f6kull\" \/>\n<meta property=\"og:description\" content=\"\ufeff T\u00edmi til a\u00f0 nj\u00f3ta! Nj\u00f3ttu \u00fe\u00edn \u00ed r\u00f3legri g\u00f6ngufer\u00f0 \u00e1 Vatnaj\u00f6kli og hlusta\u00f0u \u00e1 s\u00f6gur um n\u00e1tt\u00faruna \u00e1 sv\u00e6\u00f0inu \u00ed gegnum t\u00ed\u00f0ina. \u00dea\u00f0 er d\u00e1samlegt a\u00f0 f\u00e1 s\u00e9r heitt kak\u00f3 gert \u00far m\u00f6rg\u00fe\u00fasund \u00e1ra \u00eds. Upplif\u00f0u menninguna og s\u00f6gu Su\u00f0-austurlands me\u00f0 reyndum lei\u00f0s\u00f6gum\u00f6nnum, nj\u00f3ttu n\u00e1tt\u00farunnar \u00e1 me\u00f0an s\u00fapa er hitu\u00f0 yfir eldi. A\u00f0 taka...\" \/>\n<meta property=\"og:url\" content=\"https:\/\/visitvatnajokull.is\/is\/yndis-aevintyr-e-slow-travel-i-riki-vatnajokuls\/\" \/>\n<meta property=\"og:site_name\" content=\"Visit Vatnaj\u00f6kull\" \/>\n<meta property=\"article:publisher\" content=\"https:\/\/www.facebook.com\/visitvatnajokull.is\/\" \/>\n<meta property=\"article:published_time\" content=\"2020-07-17T11:03:26+00:00\" \/>\n<meta property=\"og:image\" content=\"https:\/\/visitvatnajokull.is\/wp-content\/uploads\/2020\/06\/sumar6-scaled.jpg\" \/>\n\t<meta property=\"og:image:width\" content=\"2048\" \/>\n\t<meta property=\"og:image:height\" content=\"1536\" \/>\n\t<meta property=\"og:image:type\" content=\"image\/jpeg\" \/>\n<meta name=\"author\" content=\"\u00c1rd\u00eds Erna Halld\u00f3rsd\u00f3ttir\" \/>\n<meta name=\"twitter:card\" content=\"summary_large_image\" \/>\n<meta name=\"twitter:creator\" content=\"@vatnajokull_reg\" \/>\n<meta name=\"twitter:site\" content=\"@vatnajokull_reg\" \/>\n<meta name=\"twitter:label1\" content=\"Written by\" \/>\n\t<meta name=\"twitter:data1\" content=\"\u00c1rd\u00eds Erna Halld\u00f3rsd\u00f3ttir\" \/>\n\t<meta name=\"twitter:label2\" content=\"Est. reading time\" \/>\n\t<meta name=\"twitter:data2\" content=\"2 minutes\" \/>\n<script type=\"application\/ld+json\" class=\"yoast-schema-graph\">{\"@context\":\"https:\\\/\\\/schema.org\",\"@graph\":[{\"@type\":\"Article\",\"@id\":\"https:\\\/\\\/visitvatnajokull.is\\\/is\\\/yndis-aevintyr-e-slow-travel-i-riki-vatnajokuls\\\/#article\",\"isPartOf\":{\"@id\":\"https:\\\/\\\/visitvatnajokull.is\\\/is\\\/yndis-aevintyr-e-slow-travel-i-riki-vatnajokuls\\\/\"},\"author\":{\"name\":\"\u00c1rd\u00eds Erna Halld\u00f3rsd\u00f3ttir\",\"@id\":\"https:\\\/\\\/visitvatnajokull.is\\\/#\\\/schema\\\/person\\\/d8a89fcb60fbbcf94f15e6fdb68f00db\"},\"headline\":\"Yndis-\u00e6vint\u00fdr (e. Slow travel) \u00ed R\u00edki Vatnaj\u00f6kuls\",\"datePublished\":\"2020-07-17T11:03:26+00:00\",\"mainEntityOfPage\":{\"@id\":\"https:\\\/\\\/visitvatnajokull.is\\\/is\\\/yndis-aevintyr-e-slow-travel-i-riki-vatnajokuls\\\/\"},\"wordCount\":348,\"commentCount\":0,\"image\":{\"@id\":\"https:\\\/\\\/visitvatnajokull.is\\\/is\\\/yndis-aevintyr-e-slow-travel-i-riki-vatnajokuls\\\/#primaryimage\"},\"thumbnailUrl\":\"https:\\\/\\\/visitvatnajokull.is\\\/wp-content\\\/uploads\\\/2020\\\/06\\\/sumar6-scaled.jpg\",\"articleSection\":[\"Yndis-\u00e6vint\u00fdr\",\"H\u00f6fn\",\"Matur\",\"N\u00e1tt\u00fara\"],\"inLanguage\":\"is\",\"potentialAction\":[{\"@type\":\"CommentAction\",\"name\":\"Comment\",\"target\":[\"https:\\\/\\\/visitvatnajokull.is\\\/is\\\/yndis-aevintyr-e-slow-travel-i-riki-vatnajokuls\\\/#respond\"]}]},{\"@type\":\"WebPage\",\"@id\":\"https:\\\/\\\/visitvatnajokull.is\\\/is\\\/yndis-aevintyr-e-slow-travel-i-riki-vatnajokuls\\\/\",\"url\":\"https:\\\/\\\/visitvatnajokull.is\\\/is\\\/yndis-aevintyr-e-slow-travel-i-riki-vatnajokuls\\\/\",\"name\":\"Yndis-\u00e6vint\u00fdr (e. Slow travel) \u00ed R\u00edki Vatnaj\u00f6kuls - Visit Vatnaj\u00f6kull\",\"isPartOf\":{\"@id\":\"https:\\\/\\\/visitvatnajokull.is\\\/#website\"},\"primaryImageOfPage\":{\"@id\":\"https:\\\/\\\/visitvatnajokull.is\\\/is\\\/yndis-aevintyr-e-slow-travel-i-riki-vatnajokuls\\\/#primaryimage\"},\"image\":{\"@id\":\"https:\\\/\\\/visitvatnajokull.is\\\/is\\\/yndis-aevintyr-e-slow-travel-i-riki-vatnajokuls\\\/#primaryimage\"},\"thumbnailUrl\":\"https:\\\/\\\/visitvatnajokull.is\\\/wp-content\\\/uploads\\\/2020\\\/06\\\/sumar6-scaled.jpg\",\"datePublished\":\"2020-07-17T11:03:26+00:00\",\"author\":{\"@id\":\"https:\\\/\\\/visitvatnajokull.is\\\/#\\\/schema\\\/person\\\/d8a89fcb60fbbcf94f15e6fdb68f00db\"},\"breadcrumb\":{\"@id\":\"https:\\\/\\\/visitvatnajokull.is\\\/is\\\/yndis-aevintyr-e-slow-travel-i-riki-vatnajokuls\\\/#breadcrumb\"},\"inLanguage\":\"is\",\"potentialAction\":[{\"@type\":\"ReadAction\",\"target\":[\"https:\\\/\\\/visitvatnajokull.is\\\/is\\\/yndis-aevintyr-e-slow-travel-i-riki-vatnajokuls\\\/\"]}]},{\"@type\":\"ImageObject\",\"inLanguage\":\"is\",\"@id\":\"https:\\\/\\\/visitvatnajokull.is\\\/is\\\/yndis-aevintyr-e-slow-travel-i-riki-vatnajokuls\\\/#primaryimage\",\"url\":\"https:\\\/\\\/visitvatnajokull.is\\\/wp-content\\\/uploads\\\/2020\\\/06\\\/sumar6-scaled.jpg\",\"contentUrl\":\"https:\\\/\\\/visitvatnajokull.is\\\/wp-content\\\/uploads\\\/2020\\\/06\\\/sumar6-scaled.jpg\",\"width\":2048,\"height\":1536},{\"@type\":\"BreadcrumbList\",\"@id\":\"https:\\\/\\\/visitvatnajokull.is\\\/is\\\/yndis-aevintyr-e-slow-travel-i-riki-vatnajokuls\\\/#breadcrumb\",\"itemListElement\":[{\"@type\":\"ListItem\",\"position\":1,\"name\":\"Home\",\"item\":\"https:\\\/\\\/visitvatnajokull.is\\\/is\\\/\"},{\"@type\":\"ListItem\",\"position\":2,\"name\":\"Yndis-\u00e6vint\u00fdr (e. Slow travel) \u00ed R\u00edki Vatnaj\u00f6kuls\"}]},{\"@type\":\"WebSite\",\"@id\":\"https:\\\/\\\/visitvatnajokull.is\\\/#website\",\"url\":\"https:\\\/\\\/visitvatnajokull.is\\\/\",\"name\":\"Visit Vatnaj\u00f6kull\",\"description\":\"Visit Vatnaj\u00f6kull and explore all that the region has to offer\",\"potentialAction\":[{\"@type\":\"SearchAction\",\"target\":{\"@type\":\"EntryPoint\",\"urlTemplate\":\"https:\\\/\\\/visitvatnajokull.is\\\/?s={search_term_string}\"},\"query-input\":{\"@type\":\"PropertyValueSpecification\",\"valueRequired\":true,\"valueName\":\"search_term_string\"}}],\"inLanguage\":\"is\"},{\"@type\":\"Person\",\"@id\":\"https:\\\/\\\/visitvatnajokull.is\\\/#\\\/schema\\\/person\\\/d8a89fcb60fbbcf94f15e6fdb68f00db\",\"name\":\"\u00c1rd\u00eds Erna Halld\u00f3rsd\u00f3ttir\",\"image\":{\"@type\":\"ImageObject\",\"inLanguage\":\"is\",\"@id\":\"https:\\\/\\\/visitvatnajokull.is\\\/wp-content\\\/wphb-cache\\\/gravatar\\\/154\\\/15474551785c0dbe93b8daacdeb91d23x96.jpg\",\"url\":\"https:\\\/\\\/visitvatnajokull.is\\\/wp-content\\\/wphb-cache\\\/gravatar\\\/154\\\/15474551785c0dbe93b8daacdeb91d23x96.jpg\",\"contentUrl\":\"https:\\\/\\\/visitvatnajokull.is\\\/wp-content\\\/wphb-cache\\\/gravatar\\\/154\\\/15474551785c0dbe93b8daacdeb91d23x96.jpg\",\"caption\":\"\u00c1rd\u00eds Erna Halld\u00f3rsd\u00f3ttir\"},\"url\":\"https:\\\/\\\/visitvatnajokull.is\\\/is\\\/author\\\/ardis\\\/\"}]}<\/script>\n<!-- \/ Yoast SEO plugin. -->","yoast_head_json":{"title":"Yndis-\u00e6vint\u00fdr (e. Slow travel) \u00ed R\u00edki Vatnaj\u00f6kuls - Visit Vatnaj\u00f6kull","robots":{"index":"index","follow":"follow","max-snippet":"max-snippet:-1","max-image-preview":"max-image-preview:large","max-video-preview":"max-video-preview:-1"},"canonical":"https:\/\/visitvatnajokull.is\/is\/yndis-aevintyr-e-slow-travel-i-riki-vatnajokuls\/","og_locale":"is_IS","og_type":"article","og_title":"Yndis-\u00e6vint\u00fdr (e. Slow travel) \u00ed R\u00edki Vatnaj\u00f6kuls - Visit Vatnaj\u00f6kull","og_description":"\ufeff T\u00edmi til a\u00f0 nj\u00f3ta! Nj\u00f3ttu \u00fe\u00edn \u00ed r\u00f3legri g\u00f6ngufer\u00f0 \u00e1 Vatnaj\u00f6kli og hlusta\u00f0u \u00e1 s\u00f6gur um n\u00e1tt\u00faruna \u00e1 sv\u00e6\u00f0inu \u00ed gegnum t\u00ed\u00f0ina. \u00dea\u00f0 er d\u00e1samlegt a\u00f0 f\u00e1 s\u00e9r heitt kak\u00f3 gert \u00far m\u00f6rg\u00fe\u00fasund \u00e1ra \u00eds. Upplif\u00f0u menninguna og s\u00f6gu Su\u00f0-austurlands me\u00f0 reyndum lei\u00f0s\u00f6gum\u00f6nnum, nj\u00f3ttu n\u00e1tt\u00farunnar \u00e1 me\u00f0an s\u00fapa er hitu\u00f0 yfir eldi. A\u00f0 taka...","og_url":"https:\/\/visitvatnajokull.is\/is\/yndis-aevintyr-e-slow-travel-i-riki-vatnajokuls\/","og_site_name":"Visit Vatnaj\u00f6kull","article_publisher":"https:\/\/www.facebook.com\/visitvatnajokull.is\/","article_published_time":"2020-07-17T11:03:26+00:00","og_image":[{"width":2048,"height":1536,"url":"https:\/\/visitvatnajokull.is\/wp-content\/uploads\/2020\/06\/sumar6-scaled.jpg","type":"image\/jpeg"}],"author":"\u00c1rd\u00eds Erna Halld\u00f3rsd\u00f3ttir","twitter_card":"summary_large_image","twitter_creator":"@vatnajokull_reg","twitter_site":"@vatnajokull_reg","twitter_misc":{"Written by":"\u00c1rd\u00eds Erna Halld\u00f3rsd\u00f3ttir","Est. reading time":"2 minutes"},"schema":{"@context":"https:\/\/schema.org","@graph":[{"@type":"Article","@id":"https:\/\/visitvatnajokull.is\/is\/yndis-aevintyr-e-slow-travel-i-riki-vatnajokuls\/#article","isPartOf":{"@id":"https:\/\/visitvatnajokull.is\/is\/yndis-aevintyr-e-slow-travel-i-riki-vatnajokuls\/"},"author":{"name":"\u00c1rd\u00eds Erna Halld\u00f3rsd\u00f3ttir","@id":"https:\/\/visitvatnajokull.is\/#\/schema\/person\/d8a89fcb60fbbcf94f15e6fdb68f00db"},"headline":"Yndis-\u00e6vint\u00fdr (e. Slow travel) \u00ed R\u00edki Vatnaj\u00f6kuls","datePublished":"2020-07-17T11:03:26+00:00","mainEntityOfPage":{"@id":"https:\/\/visitvatnajokull.is\/is\/yndis-aevintyr-e-slow-travel-i-riki-vatnajokuls\/"},"wordCount":348,"commentCount":0,"image":{"@id":"https:\/\/visitvatnajokull.is\/is\/yndis-aevintyr-e-slow-travel-i-riki-vatnajokuls\/#primaryimage"},"thumbnailUrl":"https:\/\/visitvatnajokull.is\/wp-content\/uploads\/2020\/06\/sumar6-scaled.jpg","articleSection":["Yndis-\u00e6vint\u00fdr","H\u00f6fn","Matur","N\u00e1tt\u00fara"],"inLanguage":"is","potentialAction":[{"@type":"CommentAction","name":"Comment","target":["https:\/\/visitvatnajokull.is\/is\/yndis-aevintyr-e-slow-travel-i-riki-vatnajokuls\/#respond"]}]},{"@type":"WebPage","@id":"https:\/\/visitvatnajokull.is\/is\/yndis-aevintyr-e-slow-travel-i-riki-vatnajokuls\/","url":"https:\/\/visitvatnajokull.is\/is\/yndis-aevintyr-e-slow-travel-i-riki-vatnajokuls\/","name":"Yndis-\u00e6vint\u00fdr (e. Slow travel) \u00ed R\u00edki Vatnaj\u00f6kuls - Visit Vatnaj\u00f6kull","isPartOf":{"@id":"https:\/\/visitvatnajokull.is\/#website"},"primaryImageOfPage":{"@id":"https:\/\/visitvatnajokull.is\/is\/yndis-aevintyr-e-slow-travel-i-riki-vatnajokuls\/#primaryimage"},"image":{"@id":"https:\/\/visitvatnajokull.is\/is\/yndis-aevintyr-e-slow-travel-i-riki-vatnajokuls\/#primaryimage"},"thumbnailUrl":"https:\/\/visitvatnajokull.is\/wp-content\/uploads\/2020\/06\/sumar6-scaled.jpg","datePublished":"2020-07-17T11:03:26+00:00","author":{"@id":"https:\/\/visitvatnajokull.is\/#\/schema\/person\/d8a89fcb60fbbcf94f15e6fdb68f00db"},"breadcrumb":{"@id":"https:\/\/visitvatnajokull.is\/is\/yndis-aevintyr-e-slow-travel-i-riki-vatnajokuls\/#breadcrumb"},"inLanguage":"is","potentialAction":[{"@type":"ReadAction","target":["https:\/\/visitvatnajokull.is\/is\/yndis-aevintyr-e-slow-travel-i-riki-vatnajokuls\/"]}]},{"@type":"ImageObject","inLanguage":"is","@id":"https:\/\/visitvatnajokull.is\/is\/yndis-aevintyr-e-slow-travel-i-riki-vatnajokuls\/#primaryimage","url":"https:\/\/visitvatnajokull.is\/wp-content\/uploads\/2020\/06\/sumar6-scaled.jpg","contentUrl":"https:\/\/visitvatnajokull.is\/wp-content\/uploads\/2020\/06\/sumar6-scaled.jpg","width":2048,"height":1536},{"@type":"BreadcrumbList","@id":"https:\/\/visitvatnajokull.is\/is\/yndis-aevintyr-e-slow-travel-i-riki-vatnajokuls\/#breadcrumb","itemListElement":[{"@type":"ListItem","position":1,"name":"Home","item":"https:\/\/visitvatnajokull.is\/is\/"},{"@type":"ListItem","position":2,"name":"Yndis-\u00e6vint\u00fdr (e. Slow travel) \u00ed R\u00edki Vatnaj\u00f6kuls"}]},{"@type":"WebSite","@id":"https:\/\/visitvatnajokull.is\/#website","url":"https:\/\/visitvatnajokull.is\/","name":"Visit Vatnaj\u00f6kull","description":"Visit Vatnaj\u00f6kull and explore all that the region has to offer","potentialAction":[{"@type":"SearchAction","target":{"@type":"EntryPoint","urlTemplate":"https:\/\/visitvatnajokull.is\/?s={search_term_string}"},"query-input":{"@type":"PropertyValueSpecification","valueRequired":true,"valueName":"search_term_string"}}],"inLanguage":"is"},{"@type":"Person","@id":"https:\/\/visitvatnajokull.is\/#\/schema\/person\/d8a89fcb60fbbcf94f15e6fdb68f00db","name":"\u00c1rd\u00eds Erna Halld\u00f3rsd\u00f3ttir","image":{"@type":"ImageObject","inLanguage":"is","@id":"https:\/\/visitvatnajokull.is\/wp-content\/wphb-cache\/gravatar\/154\/15474551785c0dbe93b8daacdeb91d23x96.jpg","url":"https:\/\/visitvatnajokull.is\/wp-content\/wphb-cache\/gravatar\/154\/15474551785c0dbe93b8daacdeb91d23x96.jpg","contentUrl":"https:\/\/visitvatnajokull.is\/wp-content\/wphb-cache\/gravatar\/154\/15474551785c0dbe93b8daacdeb91d23x96.jpg","caption":"\u00c1rd\u00eds Erna Halld\u00f3rsd\u00f3ttir"},"url":"https:\/\/visitvatnajokull.is\/is\/author\/ardis\/"}]}},"jetpack_featured_media_url":"https:\/\/visitvatnajokull.is\/wp-content\/uploads\/2020\/06\/sumar6-scaled.jpg","jetpack_sharing_enabled":true,"_links":{"self":[{"href":"https:\/\/visitvatnajokull.is\/is\/wp-json\/wp\/v2\/posts\/218441","targetHints":{"allow":["GET"]}}],"collection":[{"href":"https:\/\/visitvatnajokull.is\/is\/wp-json\/wp\/v2\/posts"}],"about":[{"href":"https:\/\/visitvatnajokull.is\/is\/wp-json\/wp\/v2\/types\/post"}],"author":[{"embeddable":true,"href":"https:\/\/visitvatnajokull.is\/is\/wp-json\/wp\/v2\/users\/7"}],"replies":[{"embeddable":true,"href":"https:\/\/visitvatnajokull.is\/is\/wp-json\/wp\/v2\/comments?post=218441"}],"version-history":[{"count":0,"href":"https:\/\/visitvatnajokull.is\/is\/wp-json\/wp\/v2\/posts\/218441\/revisions"}],"wp:featuredmedia":[{"embeddable":true,"href":"https:\/\/visitvatnajokull.is\/is\/wp-json\/wp\/v2\/media\/217420"}],"wp:attachment":[{"href":"https:\/\/visitvatnajokull.is\/is\/wp-json\/wp\/v2\/media?parent=218441"}],"wp:term":[{"taxonomy":"category","embeddable":true,"href":"https:\/\/visitvatnajokull.is\/is\/wp-json\/wp\/v2\/categories?post=218441"},{"taxonomy":"post_tag","embeddable":true,"href":"https:\/\/visitvatnajokull.is\/is\/wp-json\/wp\/v2\/tags?post=218441"}],"curies":[{"name":"wp","href":"https:\/\/api.w.org\/{rel}","templated":true}]}}