{"id":218787,"date":"2020-08-10T15:47:25","date_gmt":"2020-08-10T15:47:25","guid":{"rendered":"https:\/\/visitvatnajokull.is\/?p=218787"},"modified":"2020-08-10T16:36:08","modified_gmt":"2020-08-10T16:36:08","slug":"fimm-instagramvaenustu-stadir-rikis-vatnajokuls","status":"publish","type":"post","link":"https:\/\/visitvatnajokull.is\/is\/fimm-instagramvaenustu-stadir-rikis-vatnajokuls\/","title":{"rendered":"Fimm Instagramv\u00e6nustu sta\u00f0ir r\u00edkis Vatnaj\u00f6kuls"},"content":{"rendered":"<p>H\u00e6 allir, \u00e9g heiti Solla og er <i>the Local Icelander<\/i>.\u00a0 \u00c9g er f\u00e6dd og uppalin \u00e1 H\u00f6fn og \u00e6tla a\u00f0 segja ykkur fr\u00e1 m\u00ednum 5 upp\u00e1halds Instagram v\u00e6num st\u00f6\u00f0um \u00ed r\u00edki Vatnaj\u00f6kuls. Ef \u00fei\u00f0 eru\u00f0 a\u00f0 fer\u00f0ast um \u00cdsland og langar a\u00f0 n\u00e1 flottum myndum fyrir instagrami\u00f0 ykkar, \u00fe\u00e1 er r\u00edki Vatnaj\u00f6kuls r\u00e9tta sv\u00e6\u00f0i\u00f0 til \u00feess! H\u00e9r h\u00f6fum vi\u00f0 allt fr\u00e1 j\u00f6klum, fossum og fj\u00f6llum til svartra sanda vi\u00f0 Atlantshafi\u00f0. Ekki missa af t\u00e6kif\u00e6ri til a\u00f0 n\u00e1 bestu instagram myndinni fyrir \u00fe\u00edna s\u00ed\u00f0u!<\/p>\n<img loading=\"lazy\" decoding=\"async\" class=\"aligncenter wp-image-218776 size-large\" src=\"https:\/\/visitvatnajokull.is\/wp-content\/uploads\/2020\/08\/Solla-1024x960.jpg\" alt=\"\" width=\"680\" height=\"638\" srcset=\"https:\/\/visitvatnajokull.is\/wp-content\/uploads\/2020\/08\/Solla-1024x960.jpg 1024w, https:\/\/visitvatnajokull.is\/wp-content\/uploads\/2020\/08\/Solla-300x281.jpg 300w, https:\/\/visitvatnajokull.is\/wp-content\/uploads\/2020\/08\/Solla-768x720.jpg 768w, https:\/\/visitvatnajokull.is\/wp-content\/uploads\/2020\/08\/Solla-1536x1441.jpg 1536w, https:\/\/visitvatnajokull.is\/wp-content\/uploads\/2020\/08\/Solla-scaled.jpg 2048w, https:\/\/visitvatnajokull.is\/wp-content\/uploads\/2020\/08\/Solla-746x700.jpg 746w, https:\/\/visitvatnajokull.is\/wp-content\/uploads\/2020\/08\/Solla-514x482.jpg 514w, https:\/\/visitvatnajokull.is\/wp-content\/uploads\/2020\/08\/Solla-645x605.jpg 645w, https:\/\/visitvatnajokull.is\/wp-content\/uploads\/2020\/08\/Solla-1243x1166.jpg 1243w\" sizes=\"auto, (max-width: 680px) 100vw, 680px\" \/>\n<h4>N\u00b01- <a href=\"https:\/\/visitvatnajokull.is\/is\/natturulerla\/jokulsarlon\/\">J\u00f6kuls\u00e1rl\u00f3n<\/a><\/h4>\n<p>Fyrsti instagramv\u00e6ni sta\u00f0urinn minn \u00ed r\u00edki Vatnaj\u00f6kuls ver\u00f0ur a\u00f0 vera J\u00f6kuls\u00e1rl\u00f3n. J\u00f6kuls\u00e1rl\u00f3n er einn vins\u00e6lasti \u00e1fangasta\u00f0ur landsins, og \u00fea\u00f0 af \u00e1st\u00e6\u00f0u! L\u00f3ni\u00f0 er einstaklega magna\u00f0 \u00fear sem a\u00f0 \u00edsjakarnir eru \u00e1 st\u00f6\u00f0ugri hreyfingu og \u00fev\u00ed l\u00f3ni\u00f0 s\u00edbreytilegt og kemur alltaf \u00e1 \u00f3vart.<\/p>\n<img loading=\"lazy\" decoding=\"async\" class=\"aligncenter wp-image-218774 size-large\" src=\"https:\/\/visitvatnajokull.is\/wp-content\/uploads\/2020\/08\/J\u00f6kuls\u00e1rl\u00f3n-992x1024.jpg\" alt=\"\" width=\"680\" height=\"702\" srcset=\"https:\/\/visitvatnajokull.is\/wp-content\/uploads\/2020\/08\/J\u00f6kuls\u00e1rl\u00f3n-992x1024.jpg 992w, https:\/\/visitvatnajokull.is\/wp-content\/uploads\/2020\/08\/J\u00f6kuls\u00e1rl\u00f3n-291x300.jpg 291w, https:\/\/visitvatnajokull.is\/wp-content\/uploads\/2020\/08\/J\u00f6kuls\u00e1rl\u00f3n-768x792.jpg 768w, https:\/\/visitvatnajokull.is\/wp-content\/uploads\/2020\/08\/J\u00f6kuls\u00e1rl\u00f3n-1489x1536.jpg 1489w, https:\/\/visitvatnajokull.is\/wp-content\/uploads\/2020\/08\/J\u00f6kuls\u00e1rl\u00f3n-scaled.jpg 1985w, https:\/\/visitvatnajokull.is\/wp-content\/uploads\/2020\/08\/J\u00f6kuls\u00e1rl\u00f3n-678x700.jpg 678w, https:\/\/visitvatnajokull.is\/wp-content\/uploads\/2020\/08\/J\u00f6kuls\u00e1rl\u00f3n-467x482.jpg 467w, https:\/\/visitvatnajokull.is\/wp-content\/uploads\/2020\/08\/J\u00f6kuls\u00e1rl\u00f3n-645x665.jpg 645w, https:\/\/visitvatnajokull.is\/wp-content\/uploads\/2020\/08\/J\u00f6kuls\u00e1rl\u00f3n-1130x1166.jpg 1130w\" sizes=\"auto, (max-width: 680px) 100vw, 680px\" \/>\n<h4>N\u00b02 &#8211; <a href=\"https:\/\/visitvatnajokull.is\/is\/natturulerla\/horn\/\">Vestrahorn<\/a><\/h4>\n<p>\u00dea\u00f0 sem \u00e9g vil nefna n\u00e6st sem instagramv\u00e6nn sta\u00f0ur \u00ed r\u00edki Vatnaj\u00f6kuls er Vestrahorn.<\/p>\n<p>\u00deetta tignarlega gabbr\u00f3 fjall sem tr\u00f3nir yfir Atlantshafi f\u00e6rir \u00fe\u00e9r magna\u00f0ar myndir allan \u00e1rsins hring! \u00dea\u00f0 skiptir ekki m\u00e1li hvort a\u00f0 myndin s\u00e9 tekin \u00e1 s\u00edma e\u00f0a myndav\u00e9l, allir geta n\u00e1\u00f0 fr\u00e1b\u00e6rum skotum \u00fea\u00f0an. \u00c1 lygnum degi er m\u00f6guleiki \u00e1 a\u00f0 n\u00e1 flottri speglun fr\u00e1 str\u00f6ndinni, svo vir\u00f0ist sem gengi\u00f0 s\u00e9 \u00e1 vatni.<\/p>\n<img loading=\"lazy\" decoding=\"async\" class=\"aligncenter wp-image-218772 size-large\" src=\"https:\/\/visitvatnajokull.is\/wp-content\/uploads\/2020\/08\/Vestrahorn-1024x679.jpg\" alt=\"\" width=\"680\" height=\"451\" srcset=\"https:\/\/visitvatnajokull.is\/wp-content\/uploads\/2020\/08\/Vestrahorn-1024x679.jpg 1024w, https:\/\/visitvatnajokull.is\/wp-content\/uploads\/2020\/08\/Vestrahorn-300x199.jpg 300w, https:\/\/visitvatnajokull.is\/wp-content\/uploads\/2020\/08\/Vestrahorn-768x509.jpg 768w, https:\/\/visitvatnajokull.is\/wp-content\/uploads\/2020\/08\/Vestrahorn-1536x1019.jpg 1536w, https:\/\/visitvatnajokull.is\/wp-content\/uploads\/2020\/08\/Vestrahorn-scaled.jpg 2048w, https:\/\/visitvatnajokull.is\/wp-content\/uploads\/2020\/08\/Vestrahorn-1056x700.jpg 1056w, https:\/\/visitvatnajokull.is\/wp-content\/uploads\/2020\/08\/Vestrahorn-727x482.jpg 727w, https:\/\/visitvatnajokull.is\/wp-content\/uploads\/2020\/08\/Vestrahorn-645x428.jpg 645w, https:\/\/visitvatnajokull.is\/wp-content\/uploads\/2020\/08\/Vestrahorn-1433x950.jpg 1433w\" sizes=\"auto, (max-width: 680px) 100vw, 680px\" \/>\n<h4>N\u00b03 &#8211; <a href=\"https:\/\/visitvatnajokull.is\/is\/natturulerla\/skaftafell\/\">Sv\u00ednafellsj\u00f6kull\u00a0<\/a><\/h4>\n<p>\u00deri\u00f0ji instagramv\u00e6ni sta\u00f0urinn \u00ed r\u00edki Vatnaj\u00f6kuls er Sv\u00ednafellsj\u00f6kull. Sv\u00ednafellsj\u00f6kull er skri\u00f0j\u00f6kull sem skr\u00ed\u00f0ur fram \u00far Vatnaj\u00f6kli, og me\u00f0 Hvannadalshn\u00fak \u00ed bakgrunn b\u00fd\u00f0ur hann upp \u00e1 einstaklega flott skot! Sv\u00ednafellsj\u00f6kull er vins\u00e6ll kvikmyndat\u00f6kusta\u00f0ur og hafa myndir \u00e1 vi\u00f0 Batman Begins og Interstellar veri\u00f0 teknar \u00fear. Er hann \u00fev\u00ed oft kalla\u00f0ur Hollywood j\u00f6kullinn. \u00de\u00fa vilt svo sannarlega n\u00e1 mynd fr\u00e1 \u00feessum sta\u00f0.<\/p>\n<img loading=\"lazy\" decoding=\"async\" class=\"aligncenter wp-image-218770 size-large\" src=\"https:\/\/visitvatnajokull.is\/wp-content\/uploads\/2020\/08\/Svinafellsj\u00f6kull-1024x418.jpg\" alt=\"\" width=\"680\" height=\"278\" srcset=\"https:\/\/visitvatnajokull.is\/wp-content\/uploads\/2020\/08\/Svinafellsj\u00f6kull-1024x418.jpg 1024w, https:\/\/visitvatnajokull.is\/wp-content\/uploads\/2020\/08\/Svinafellsj\u00f6kull-300x123.jpg 300w, https:\/\/visitvatnajokull.is\/wp-content\/uploads\/2020\/08\/Svinafellsj\u00f6kull-768x314.jpg 768w, https:\/\/visitvatnajokull.is\/wp-content\/uploads\/2020\/08\/Svinafellsj\u00f6kull-1536x627.jpg 1536w, https:\/\/visitvatnajokull.is\/wp-content\/uploads\/2020\/08\/Svinafellsj\u00f6kull-1600x653.jpg 1600w, https:\/\/visitvatnajokull.is\/wp-content\/uploads\/2020\/08\/Svinafellsj\u00f6kull-737x301.jpg 737w, https:\/\/visitvatnajokull.is\/wp-content\/uploads\/2020\/08\/Svinafellsj\u00f6kull-645x263.jpg 645w, https:\/\/visitvatnajokull.is\/wp-content\/uploads\/2020\/08\/Svinafellsj\u00f6kull-1433x585.jpg 1433w, https:\/\/visitvatnajokull.is\/wp-content\/uploads\/2020\/08\/Svinafellsj\u00f6kull.jpg 1920w\" sizes=\"auto, (max-width: 680px) 100vw, 680px\" \/>\n<h4>N\u00b04 &#8211; <a href=\"https:\/\/visitvatnajokull.is\/is\/natturulerla\/oraefajokull\/\">Ice Cave<\/a><\/h4>\n<p>Fj\u00f3r\u00f0i instagramsta\u00f0urinn \u00ed r\u00edki Vatnaj\u00f6kuls sem \u00e9g vil nefna eru hinir dj\u00fapbl\u00e1u \u00edshellar.<\/p>\n<p>Ef fer\u00f0ast er um sv\u00e6\u00f0i\u00f0 a\u00f0 vetri til, \u00fe\u00e1 er tilvali\u00f0 a\u00f0 heims\u00e6kja einn af \u00edshellum Vatnaj\u00f6kuls! \u00cdshellarnir gefa einstakt t\u00e6kif\u00e6ri fyrir magna\u00f0ar instagram myndir. Ef \u00e1hugi er \u00e1 a\u00f0 b\u00f3ka \u00edshellafer\u00f0 me\u00f0 m\u00e9r, \u00fe\u00e1 er linkur <a href=\"https:\/\/localicelander.is\/ice-cave-tour\/\"><b>h\u00e9rna<\/b><\/a>.<br \/>\n\u00cdshellarnir eru s\u00edbreytilegir og gefa \u00fev\u00ed t\u00e6kif\u00e6ri til n\u00fdrra myndaskota \u00e1 \u00e1ri hverju.<\/p>\n<img loading=\"lazy\" decoding=\"async\" class=\"aligncenter wp-image-218780 size-large\" src=\"https:\/\/visitvatnajokull.is\/wp-content\/uploads\/2020\/08\/Ice-cave-680x1024.jpg\" alt=\"\" width=\"680\" height=\"1024\" srcset=\"https:\/\/visitvatnajokull.is\/wp-content\/uploads\/2020\/08\/Ice-cave-680x1024.jpg 680w, https:\/\/visitvatnajokull.is\/wp-content\/uploads\/2020\/08\/Ice-cave-199x300.jpg 199w, https:\/\/visitvatnajokull.is\/wp-content\/uploads\/2020\/08\/Ice-cave-768x1156.jpg 768w, https:\/\/visitvatnajokull.is\/wp-content\/uploads\/2020\/08\/Ice-cave-465x700.jpg 465w, https:\/\/visitvatnajokull.is\/wp-content\/uploads\/2020\/08\/Ice-cave-320x482.jpg 320w, https:\/\/visitvatnajokull.is\/wp-content\/uploads\/2020\/08\/Ice-cave-500x752.jpg 500w, https:\/\/visitvatnajokull.is\/wp-content\/uploads\/2020\/08\/Ice-cave-775x1166.jpg 775w, https:\/\/visitvatnajokull.is\/wp-content\/uploads\/2020\/08\/Ice-cave.jpg 998w\" sizes=\"auto, (max-width: 680px) 100vw, 680px\" \/>\n<h4>N\u00b05 \u2013 <a href=\"https:\/\/visitvatnajokull.is\/is\/natturulerla\/hvalnes\/\">Hvalnes<\/a><\/h4>\n<p>Fimmti instagram sta\u00f0urinn \u00ed r\u00edki Vatnaj\u00f6kuls, Hvalnes, ver\u00f0ur s\u00e1 seinasti \u00e1 \u00feessum lista en alls ekki s\u00e1 s\u00edsti. Hvalnes er eitt af formfegurstu fj\u00f6llum landsins og b\u00fd\u00f0ur upp \u00e1 m\u00f6rg falleg sj\u00f3narhorn til myndat\u00f6ku. Fjalli\u00f0 sj\u00e1lft er mj\u00f6g fallegur bakgrunnur, en r\u00e9tt vi\u00f0 str\u00f6ndina er gamall viti sem er ekki s\u00ed\u00f0ur fallegt myndefni. \u00c1 veturnar halda hreind\u00fdr til \u00e1 sv\u00e6\u00f0inu og \u00feau er alltaf gaman a\u00f0 mynda!<\/p>\n<img loading=\"lazy\" decoding=\"async\" class=\"aligncenter wp-image-218778 size-large\" src=\"https:\/\/visitvatnajokull.is\/wp-content\/uploads\/2020\/08\/Hvalnes-768x1024.jpg\" alt=\"\" width=\"680\" height=\"907\" srcset=\"https:\/\/visitvatnajokull.is\/wp-content\/uploads\/2020\/08\/Hvalnes-768x1024.jpg 768w, https:\/\/visitvatnajokull.is\/wp-content\/uploads\/2020\/08\/Hvalnes-225x300.jpg 225w, https:\/\/visitvatnajokull.is\/wp-content\/uploads\/2020\/08\/Hvalnes-1152x1536.jpg 1152w, https:\/\/visitvatnajokull.is\/wp-content\/uploads\/2020\/08\/Hvalnes-scaled.jpg 1536w, https:\/\/visitvatnajokull.is\/wp-content\/uploads\/2020\/08\/Hvalnes-525x700.jpg 525w, https:\/\/visitvatnajokull.is\/wp-content\/uploads\/2020\/08\/Hvalnes-362x482.jpg 362w, https:\/\/visitvatnajokull.is\/wp-content\/uploads\/2020\/08\/Hvalnes-564x752.jpg 564w, https:\/\/visitvatnajokull.is\/wp-content\/uploads\/2020\/08\/Hvalnes-875x1166.jpg 875w\" sizes=\"auto, (max-width: 680px) 100vw, 680px\" \/>\n<p>\u00deetta eru fimm af m\u00ednum upp\u00e1halds instagram st\u00f6\u00f0um \u00ed r\u00edki Vatnaj\u00f6kuls og \u00e9g vona a\u00f0 listinn gefi ykkur t\u00e6kif\u00e6ri til a\u00f0 taka fr\u00e1b\u00e6rar instagram myndir \u00e1 fer\u00f0alagi ykkar um sv\u00e6\u00f0i\u00f0. Ef \u00fei\u00f0 vilj\u00f0i sj\u00e1 fleiri myndir \u00fe\u00e1 m\u00e6li \u00e9g me\u00f0 a\u00f0 \u00fei\u00f0 fylgi\u00f0 m\u00e9r \u00e1 m\u00ednu instagrami <a href=\"https:\/\/www.instagram.com\/localicelander\/\"><b>@localicelander.<\/b><\/a><\/p>\n","protected":false},"excerpt":{"rendered":"<p>H\u00e6 allir, \u00e9g heiti Solla og er the Local Icelander.\u00a0 \u00c9g er f\u00e6dd og uppalin \u00e1 H\u00f6fn og \u00e6tla a\u00f0 segja ykkur fr\u00e1 m\u00ednum 5 upp\u00e1halds Instagram v\u00e6num st\u00f6\u00f0um \u00ed r\u00edki Vatnaj\u00f6kuls. Ef \u00fei\u00f0 eru\u00f0 a\u00f0 fer\u00f0ast um \u00cdsland og langar a\u00f0 n\u00e1 flottum myndum fyrir instagrami\u00f0 ykkar, \u00fe\u00e1 er r\u00edki Vatnaj\u00f6kuls r\u00e9tta sv\u00e6\u00f0i\u00f0 til&#8230;<\/p>\n","protected":false},"author":7,"featured_media":218774,"comment_status":"open","ping_status":"closed","sticky":false,"template":"","format":"standard","meta":{"_acf_changed":false,"_jetpack_memberships_contains_paid_content":false,"wds_primary_category":0,"footnotes":""},"categories":[294,295,211,181,182,183],"tags":[],"class_list":["post-218787","post","type-post","status-publish","format-standard","has-post-thumbnail","hentry","category-myndatokur","category-joklar","category-leidsogn","category-nattura","category-skodunarferdir","category-hugmyndir"],"acf":[],"yoast_head":"<!-- This site is optimized with the Yoast SEO plugin v27.4 - https:\/\/yoast.com\/product\/yoast-seo-wordpress\/ -->\n<title>Fimm Instagramv\u00e6nustu sta\u00f0ir r\u00edkis Vatnaj\u00f6kuls - Visit Vatnaj\u00f6kull<\/title>\n<meta name=\"robots\" content=\"index, follow, max-snippet:-1, max-image-preview:large, max-video-preview:-1\" \/>\n<link rel=\"canonical\" href=\"https:\/\/visitvatnajokull.is\/is\/fimm-instagramvaenustu-stadir-rikis-vatnajokuls\/\" \/>\n<meta property=\"og:locale\" content=\"is_IS\" \/>\n<meta property=\"og:type\" content=\"article\" \/>\n<meta property=\"og:title\" content=\"Fimm Instagramv\u00e6nustu sta\u00f0ir r\u00edkis Vatnaj\u00f6kuls - Visit Vatnaj\u00f6kull\" \/>\n<meta property=\"og:description\" content=\"H\u00e6 allir, \u00e9g heiti Solla og er the Local Icelander.\u00a0 \u00c9g er f\u00e6dd og uppalin \u00e1 H\u00f6fn og \u00e6tla a\u00f0 segja ykkur fr\u00e1 m\u00ednum 5 upp\u00e1halds Instagram v\u00e6num st\u00f6\u00f0um \u00ed r\u00edki Vatnaj\u00f6kuls. Ef \u00fei\u00f0 eru\u00f0 a\u00f0 fer\u00f0ast um \u00cdsland og langar a\u00f0 n\u00e1 flottum myndum fyrir instagrami\u00f0 ykkar, \u00fe\u00e1 er r\u00edki Vatnaj\u00f6kuls r\u00e9tta sv\u00e6\u00f0i\u00f0 til...\" \/>\n<meta property=\"og:url\" content=\"https:\/\/visitvatnajokull.is\/is\/fimm-instagramvaenustu-stadir-rikis-vatnajokuls\/\" \/>\n<meta property=\"og:site_name\" content=\"Visit Vatnaj\u00f6kull\" \/>\n<meta property=\"article:publisher\" content=\"https:\/\/www.facebook.com\/visitvatnajokull.is\/\" \/>\n<meta property=\"article:published_time\" content=\"2020-08-10T15:47:25+00:00\" \/>\n<meta property=\"article:modified_time\" content=\"2020-08-10T16:36:08+00:00\" \/>\n<meta property=\"og:image\" content=\"https:\/\/visitvatnajokull.is\/wp-content\/uploads\/2020\/08\/J\u00f6kuls\u00e1rl\u00f3n-scaled.jpg\" \/>\n\t<meta property=\"og:image:width\" content=\"1985\" \/>\n\t<meta property=\"og:image:height\" content=\"2048\" \/>\n\t<meta property=\"og:image:type\" content=\"image\/jpeg\" \/>\n<meta name=\"author\" content=\"\u00c1rd\u00eds Erna Halld\u00f3rsd\u00f3ttir\" \/>\n<meta name=\"twitter:card\" content=\"summary_large_image\" \/>\n<meta name=\"twitter:creator\" content=\"@vatnajokull_reg\" \/>\n<meta name=\"twitter:site\" content=\"@vatnajokull_reg\" \/>\n<meta name=\"twitter:label1\" content=\"Written by\" \/>\n\t<meta name=\"twitter:data1\" content=\"\u00c1rd\u00eds Erna Halld\u00f3rsd\u00f3ttir\" \/>\n\t<meta name=\"twitter:label2\" content=\"Est. reading time\" \/>\n\t<meta name=\"twitter:data2\" content=\"3 minutes\" \/>\n<script type=\"application\/ld+json\" class=\"yoast-schema-graph\">{\"@context\":\"https:\\\/\\\/schema.org\",\"@graph\":[{\"@type\":\"Article\",\"@id\":\"https:\\\/\\\/visitvatnajokull.is\\\/is\\\/fimm-instagramvaenustu-stadir-rikis-vatnajokuls\\\/#article\",\"isPartOf\":{\"@id\":\"https:\\\/\\\/visitvatnajokull.is\\\/is\\\/fimm-instagramvaenustu-stadir-rikis-vatnajokuls\\\/\"},\"author\":{\"name\":\"\u00c1rd\u00eds Erna Halld\u00f3rsd\u00f3ttir\",\"@id\":\"https:\\\/\\\/visitvatnajokull.is\\\/#\\\/schema\\\/person\\\/d8a89fcb60fbbcf94f15e6fdb68f00db\"},\"headline\":\"Fimm Instagramv\u00e6nustu sta\u00f0ir r\u00edkis Vatnaj\u00f6kuls\",\"datePublished\":\"2020-08-10T15:47:25+00:00\",\"dateModified\":\"2020-08-10T16:36:08+00:00\",\"mainEntityOfPage\":{\"@id\":\"https:\\\/\\\/visitvatnajokull.is\\\/is\\\/fimm-instagramvaenustu-stadir-rikis-vatnajokuls\\\/\"},\"wordCount\":560,\"commentCount\":0,\"image\":{\"@id\":\"https:\\\/\\\/visitvatnajokull.is\\\/is\\\/fimm-instagramvaenustu-stadir-rikis-vatnajokuls\\\/#primaryimage\"},\"thumbnailUrl\":\"https:\\\/\\\/visitvatnajokull.is\\\/wp-content\\\/uploads\\\/2020\\\/08\\\/J\u00f6kuls\u00e1rl\u00f3n-scaled.jpg\",\"articleSection\":[\"Myndat\u00f6kur\",\"J\u00f6klar\",\"Lei\u00f0s\u00f6gn\",\"N\u00e1tt\u00fara\",\"Sko\u00f0unarfer\u00f0ir\",\"Hugmyndir\"],\"inLanguage\":\"is\",\"potentialAction\":[{\"@type\":\"CommentAction\",\"name\":\"Comment\",\"target\":[\"https:\\\/\\\/visitvatnajokull.is\\\/is\\\/fimm-instagramvaenustu-stadir-rikis-vatnajokuls\\\/#respond\"]}]},{\"@type\":\"WebPage\",\"@id\":\"https:\\\/\\\/visitvatnajokull.is\\\/is\\\/fimm-instagramvaenustu-stadir-rikis-vatnajokuls\\\/\",\"url\":\"https:\\\/\\\/visitvatnajokull.is\\\/is\\\/fimm-instagramvaenustu-stadir-rikis-vatnajokuls\\\/\",\"name\":\"Fimm Instagramv\u00e6nustu sta\u00f0ir r\u00edkis Vatnaj\u00f6kuls - Visit Vatnaj\u00f6kull\",\"isPartOf\":{\"@id\":\"https:\\\/\\\/visitvatnajokull.is\\\/#website\"},\"primaryImageOfPage\":{\"@id\":\"https:\\\/\\\/visitvatnajokull.is\\\/is\\\/fimm-instagramvaenustu-stadir-rikis-vatnajokuls\\\/#primaryimage\"},\"image\":{\"@id\":\"https:\\\/\\\/visitvatnajokull.is\\\/is\\\/fimm-instagramvaenustu-stadir-rikis-vatnajokuls\\\/#primaryimage\"},\"thumbnailUrl\":\"https:\\\/\\\/visitvatnajokull.is\\\/wp-content\\\/uploads\\\/2020\\\/08\\\/J\u00f6kuls\u00e1rl\u00f3n-scaled.jpg\",\"datePublished\":\"2020-08-10T15:47:25+00:00\",\"dateModified\":\"2020-08-10T16:36:08+00:00\",\"author\":{\"@id\":\"https:\\\/\\\/visitvatnajokull.is\\\/#\\\/schema\\\/person\\\/d8a89fcb60fbbcf94f15e6fdb68f00db\"},\"breadcrumb\":{\"@id\":\"https:\\\/\\\/visitvatnajokull.is\\\/is\\\/fimm-instagramvaenustu-stadir-rikis-vatnajokuls\\\/#breadcrumb\"},\"inLanguage\":\"is\",\"potentialAction\":[{\"@type\":\"ReadAction\",\"target\":[\"https:\\\/\\\/visitvatnajokull.is\\\/is\\\/fimm-instagramvaenustu-stadir-rikis-vatnajokuls\\\/\"]}]},{\"@type\":\"ImageObject\",\"inLanguage\":\"is\",\"@id\":\"https:\\\/\\\/visitvatnajokull.is\\\/is\\\/fimm-instagramvaenustu-stadir-rikis-vatnajokuls\\\/#primaryimage\",\"url\":\"https:\\\/\\\/visitvatnajokull.is\\\/wp-content\\\/uploads\\\/2020\\\/08\\\/J\u00f6kuls\u00e1rl\u00f3n-scaled.jpg\",\"contentUrl\":\"https:\\\/\\\/visitvatnajokull.is\\\/wp-content\\\/uploads\\\/2020\\\/08\\\/J\u00f6kuls\u00e1rl\u00f3n-scaled.jpg\",\"width\":1985,\"height\":2048},{\"@type\":\"BreadcrumbList\",\"@id\":\"https:\\\/\\\/visitvatnajokull.is\\\/is\\\/fimm-instagramvaenustu-stadir-rikis-vatnajokuls\\\/#breadcrumb\",\"itemListElement\":[{\"@type\":\"ListItem\",\"position\":1,\"name\":\"Home\",\"item\":\"https:\\\/\\\/visitvatnajokull.is\\\/is\\\/\"},{\"@type\":\"ListItem\",\"position\":2,\"name\":\"Fimm Instagramv\u00e6nustu sta\u00f0ir r\u00edkis Vatnaj\u00f6kuls\"}]},{\"@type\":\"WebSite\",\"@id\":\"https:\\\/\\\/visitvatnajokull.is\\\/#website\",\"url\":\"https:\\\/\\\/visitvatnajokull.is\\\/\",\"name\":\"Visit Vatnaj\u00f6kull\",\"description\":\"Visit Vatnaj\u00f6kull and explore all that the region has to offer\",\"potentialAction\":[{\"@type\":\"SearchAction\",\"target\":{\"@type\":\"EntryPoint\",\"urlTemplate\":\"https:\\\/\\\/visitvatnajokull.is\\\/?s={search_term_string}\"},\"query-input\":{\"@type\":\"PropertyValueSpecification\",\"valueRequired\":true,\"valueName\":\"search_term_string\"}}],\"inLanguage\":\"is\"},{\"@type\":\"Person\",\"@id\":\"https:\\\/\\\/visitvatnajokull.is\\\/#\\\/schema\\\/person\\\/d8a89fcb60fbbcf94f15e6fdb68f00db\",\"name\":\"\u00c1rd\u00eds Erna Halld\u00f3rsd\u00f3ttir\",\"image\":{\"@type\":\"ImageObject\",\"inLanguage\":\"is\",\"@id\":\"https:\\\/\\\/visitvatnajokull.is\\\/wp-content\\\/wphb-cache\\\/gravatar\\\/154\\\/15474551785c0dbe93b8daacdeb91d23x96.jpg\",\"url\":\"https:\\\/\\\/visitvatnajokull.is\\\/wp-content\\\/wphb-cache\\\/gravatar\\\/154\\\/15474551785c0dbe93b8daacdeb91d23x96.jpg\",\"contentUrl\":\"https:\\\/\\\/visitvatnajokull.is\\\/wp-content\\\/wphb-cache\\\/gravatar\\\/154\\\/15474551785c0dbe93b8daacdeb91d23x96.jpg\",\"caption\":\"\u00c1rd\u00eds Erna Halld\u00f3rsd\u00f3ttir\"},\"url\":\"https:\\\/\\\/visitvatnajokull.is\\\/is\\\/author\\\/ardis\\\/\"}]}<\/script>\n<!-- \/ Yoast SEO plugin. -->","yoast_head_json":{"title":"Fimm Instagramv\u00e6nustu sta\u00f0ir r\u00edkis Vatnaj\u00f6kuls - Visit Vatnaj\u00f6kull","robots":{"index":"index","follow":"follow","max-snippet":"max-snippet:-1","max-image-preview":"max-image-preview:large","max-video-preview":"max-video-preview:-1"},"canonical":"https:\/\/visitvatnajokull.is\/is\/fimm-instagramvaenustu-stadir-rikis-vatnajokuls\/","og_locale":"is_IS","og_type":"article","og_title":"Fimm Instagramv\u00e6nustu sta\u00f0ir r\u00edkis Vatnaj\u00f6kuls - Visit Vatnaj\u00f6kull","og_description":"H\u00e6 allir, \u00e9g heiti Solla og er the Local Icelander.\u00a0 \u00c9g er f\u00e6dd og uppalin \u00e1 H\u00f6fn og \u00e6tla a\u00f0 segja ykkur fr\u00e1 m\u00ednum 5 upp\u00e1halds Instagram v\u00e6num st\u00f6\u00f0um \u00ed r\u00edki Vatnaj\u00f6kuls. Ef \u00fei\u00f0 eru\u00f0 a\u00f0 fer\u00f0ast um \u00cdsland og langar a\u00f0 n\u00e1 flottum myndum fyrir instagrami\u00f0 ykkar, \u00fe\u00e1 er r\u00edki Vatnaj\u00f6kuls r\u00e9tta sv\u00e6\u00f0i\u00f0 til...","og_url":"https:\/\/visitvatnajokull.is\/is\/fimm-instagramvaenustu-stadir-rikis-vatnajokuls\/","og_site_name":"Visit Vatnaj\u00f6kull","article_publisher":"https:\/\/www.facebook.com\/visitvatnajokull.is\/","article_published_time":"2020-08-10T15:47:25+00:00","article_modified_time":"2020-08-10T16:36:08+00:00","og_image":[{"width":1985,"height":2048,"url":"https:\/\/visitvatnajokull.is\/wp-content\/uploads\/2020\/08\/J\u00f6kuls\u00e1rl\u00f3n-scaled.jpg","type":"image\/jpeg"}],"author":"\u00c1rd\u00eds Erna Halld\u00f3rsd\u00f3ttir","twitter_card":"summary_large_image","twitter_creator":"@vatnajokull_reg","twitter_site":"@vatnajokull_reg","twitter_misc":{"Written by":"\u00c1rd\u00eds Erna Halld\u00f3rsd\u00f3ttir","Est. reading time":"3 minutes"},"schema":{"@context":"https:\/\/schema.org","@graph":[{"@type":"Article","@id":"https:\/\/visitvatnajokull.is\/is\/fimm-instagramvaenustu-stadir-rikis-vatnajokuls\/#article","isPartOf":{"@id":"https:\/\/visitvatnajokull.is\/is\/fimm-instagramvaenustu-stadir-rikis-vatnajokuls\/"},"author":{"name":"\u00c1rd\u00eds Erna Halld\u00f3rsd\u00f3ttir","@id":"https:\/\/visitvatnajokull.is\/#\/schema\/person\/d8a89fcb60fbbcf94f15e6fdb68f00db"},"headline":"Fimm Instagramv\u00e6nustu sta\u00f0ir r\u00edkis Vatnaj\u00f6kuls","datePublished":"2020-08-10T15:47:25+00:00","dateModified":"2020-08-10T16:36:08+00:00","mainEntityOfPage":{"@id":"https:\/\/visitvatnajokull.is\/is\/fimm-instagramvaenustu-stadir-rikis-vatnajokuls\/"},"wordCount":560,"commentCount":0,"image":{"@id":"https:\/\/visitvatnajokull.is\/is\/fimm-instagramvaenustu-stadir-rikis-vatnajokuls\/#primaryimage"},"thumbnailUrl":"https:\/\/visitvatnajokull.is\/wp-content\/uploads\/2020\/08\/J\u00f6kuls\u00e1rl\u00f3n-scaled.jpg","articleSection":["Myndat\u00f6kur","J\u00f6klar","Lei\u00f0s\u00f6gn","N\u00e1tt\u00fara","Sko\u00f0unarfer\u00f0ir","Hugmyndir"],"inLanguage":"is","potentialAction":[{"@type":"CommentAction","name":"Comment","target":["https:\/\/visitvatnajokull.is\/is\/fimm-instagramvaenustu-stadir-rikis-vatnajokuls\/#respond"]}]},{"@type":"WebPage","@id":"https:\/\/visitvatnajokull.is\/is\/fimm-instagramvaenustu-stadir-rikis-vatnajokuls\/","url":"https:\/\/visitvatnajokull.is\/is\/fimm-instagramvaenustu-stadir-rikis-vatnajokuls\/","name":"Fimm Instagramv\u00e6nustu sta\u00f0ir r\u00edkis Vatnaj\u00f6kuls - Visit Vatnaj\u00f6kull","isPartOf":{"@id":"https:\/\/visitvatnajokull.is\/#website"},"primaryImageOfPage":{"@id":"https:\/\/visitvatnajokull.is\/is\/fimm-instagramvaenustu-stadir-rikis-vatnajokuls\/#primaryimage"},"image":{"@id":"https:\/\/visitvatnajokull.is\/is\/fimm-instagramvaenustu-stadir-rikis-vatnajokuls\/#primaryimage"},"thumbnailUrl":"https:\/\/visitvatnajokull.is\/wp-content\/uploads\/2020\/08\/J\u00f6kuls\u00e1rl\u00f3n-scaled.jpg","datePublished":"2020-08-10T15:47:25+00:00","dateModified":"2020-08-10T16:36:08+00:00","author":{"@id":"https:\/\/visitvatnajokull.is\/#\/schema\/person\/d8a89fcb60fbbcf94f15e6fdb68f00db"},"breadcrumb":{"@id":"https:\/\/visitvatnajokull.is\/is\/fimm-instagramvaenustu-stadir-rikis-vatnajokuls\/#breadcrumb"},"inLanguage":"is","potentialAction":[{"@type":"ReadAction","target":["https:\/\/visitvatnajokull.is\/is\/fimm-instagramvaenustu-stadir-rikis-vatnajokuls\/"]}]},{"@type":"ImageObject","inLanguage":"is","@id":"https:\/\/visitvatnajokull.is\/is\/fimm-instagramvaenustu-stadir-rikis-vatnajokuls\/#primaryimage","url":"https:\/\/visitvatnajokull.is\/wp-content\/uploads\/2020\/08\/J\u00f6kuls\u00e1rl\u00f3n-scaled.jpg","contentUrl":"https:\/\/visitvatnajokull.is\/wp-content\/uploads\/2020\/08\/J\u00f6kuls\u00e1rl\u00f3n-scaled.jpg","width":1985,"height":2048},{"@type":"BreadcrumbList","@id":"https:\/\/visitvatnajokull.is\/is\/fimm-instagramvaenustu-stadir-rikis-vatnajokuls\/#breadcrumb","itemListElement":[{"@type":"ListItem","position":1,"name":"Home","item":"https:\/\/visitvatnajokull.is\/is\/"},{"@type":"ListItem","position":2,"name":"Fimm Instagramv\u00e6nustu sta\u00f0ir r\u00edkis Vatnaj\u00f6kuls"}]},{"@type":"WebSite","@id":"https:\/\/visitvatnajokull.is\/#website","url":"https:\/\/visitvatnajokull.is\/","name":"Visit Vatnaj\u00f6kull","description":"Visit Vatnaj\u00f6kull and explore all that the region has to offer","potentialAction":[{"@type":"SearchAction","target":{"@type":"EntryPoint","urlTemplate":"https:\/\/visitvatnajokull.is\/?s={search_term_string}"},"query-input":{"@type":"PropertyValueSpecification","valueRequired":true,"valueName":"search_term_string"}}],"inLanguage":"is"},{"@type":"Person","@id":"https:\/\/visitvatnajokull.is\/#\/schema\/person\/d8a89fcb60fbbcf94f15e6fdb68f00db","name":"\u00c1rd\u00eds Erna Halld\u00f3rsd\u00f3ttir","image":{"@type":"ImageObject","inLanguage":"is","@id":"https:\/\/visitvatnajokull.is\/wp-content\/wphb-cache\/gravatar\/154\/15474551785c0dbe93b8daacdeb91d23x96.jpg","url":"https:\/\/visitvatnajokull.is\/wp-content\/wphb-cache\/gravatar\/154\/15474551785c0dbe93b8daacdeb91d23x96.jpg","contentUrl":"https:\/\/visitvatnajokull.is\/wp-content\/wphb-cache\/gravatar\/154\/15474551785c0dbe93b8daacdeb91d23x96.jpg","caption":"\u00c1rd\u00eds Erna Halld\u00f3rsd\u00f3ttir"},"url":"https:\/\/visitvatnajokull.is\/is\/author\/ardis\/"}]}},"jetpack_featured_media_url":"https:\/\/visitvatnajokull.is\/wp-content\/uploads\/2020\/08\/J\u00f6kuls\u00e1rl\u00f3n-scaled.jpg","jetpack_sharing_enabled":true,"_links":{"self":[{"href":"https:\/\/visitvatnajokull.is\/is\/wp-json\/wp\/v2\/posts\/218787","targetHints":{"allow":["GET"]}}],"collection":[{"href":"https:\/\/visitvatnajokull.is\/is\/wp-json\/wp\/v2\/posts"}],"about":[{"href":"https:\/\/visitvatnajokull.is\/is\/wp-json\/wp\/v2\/types\/post"}],"author":[{"embeddable":true,"href":"https:\/\/visitvatnajokull.is\/is\/wp-json\/wp\/v2\/users\/7"}],"replies":[{"embeddable":true,"href":"https:\/\/visitvatnajokull.is\/is\/wp-json\/wp\/v2\/comments?post=218787"}],"version-history":[{"count":0,"href":"https:\/\/visitvatnajokull.is\/is\/wp-json\/wp\/v2\/posts\/218787\/revisions"}],"wp:featuredmedia":[{"embeddable":true,"href":"https:\/\/visitvatnajokull.is\/is\/wp-json\/wp\/v2\/media\/218774"}],"wp:attachment":[{"href":"https:\/\/visitvatnajokull.is\/is\/wp-json\/wp\/v2\/media?parent=218787"}],"wp:term":[{"taxonomy":"category","embeddable":true,"href":"https:\/\/visitvatnajokull.is\/is\/wp-json\/wp\/v2\/categories?post=218787"},{"taxonomy":"post_tag","embeddable":true,"href":"https:\/\/visitvatnajokull.is\/is\/wp-json\/wp\/v2\/tags?post=218787"}],"curies":[{"name":"wp","href":"https:\/\/api.w.org\/{rel}","templated":true}]}}